{"id":3260,"date":"2026-09-01T08:52:00","date_gmt":"2026-09-01T06:52:00","guid":{"rendered":"https:\/\/cyberforgood.org\/?p=3260"},"modified":"2026-09-02T15:38:20","modified_gmt":"2026-09-02T13:38:20","slug":"allan-deneuville-osint-democratie-cyber","status":"publish","type":"post","link":"https:\/\/cyberforgood.org\/fr\/allan-deneuville-osint-democratie-cyber\/","title":{"rendered":"Allan Deneuville : \u00ab Nous avons transform\u00e9 une partie consid\u00e9rable du monde en documents \u00bb"},"content":{"rendered":"\n<p class=\"is-style-question wp-block-paragraph\"><strong>L&rsquo;OSINT est devenu un terme tr\u00e8s populaire. Pourtant, beaucoup l&rsquo;associent encore \u00e0 une simple collection d&rsquo;outils. Quelle est, selon vous, une bonne d\u00e9finition de l&rsquo;OSINT en 2026 ?<\/strong><\/p>\n\n\n\n<p class=\"wp-block-paragraph\">J\u2019essaie justement de sortir d\u2019une d\u00e9finition de l\u2019OSINT par les outils. Un outil de recherche invers\u00e9e d\u2019images, un logiciel de cartographie ou un service permettant de suivre des avions ne font pas, en eux-m\u00eames, de l\u2019OSINT. Dans mon livre, je propose de d\u00e9finir l\u2019OSINT comme une m\u00e9thode potentiellement it\u00e9rative et collaborative qui consiste \u00e0 collecter, analyser et exploiter syst\u00e9matiquement des documents et des donn\u00e9es provenant de sources l\u00e9galement accessibles au public, gratuitement ou non, afin de r\u00e9pondre \u00e0 un besoin d\u2019information. Le point important est vraiment la m\u00e9thode. On part d\u2019une question, on collecte des informations, on les confronte, on les contextualise, on formule des hypoth\u00e8ses, parfois on revient en arri\u00e8re parce qu\u2019une hypoth\u00e8se ne tient pas. L\u2019OSINT est donc moins une bo\u00eete \u00e0 outils qu\u2019une mani\u00e8re organis\u00e9e d\u2019enqu\u00eater dans un environnement informationnel devenu extr\u00eamement dense.<\/p>\n\n\n<aside id=\"notes-block_ff349a648ac70d60a20855b87021c3e0\" class=\"notes notes--has-image\"><figure class=\"notes-media\"><img decoding=\"async\" width=\"225\" height=\"300\" src=\"https:\/\/cyberforgood.org\/wp-content\/uploads\/2026\/09\/Design-sans-titre-1-2-225x300.png\" class=\"notes-media__img\" alt=\"\" loading=\"lazy\" srcset=\"\" sizes=\"auto, \" \/><\/figure><div class=\"notes-body\"><p><strong>OSINT : enqu\u00eates et d\u00e9mocratie<\/strong><br \/>\nAllan Denueville I INA, Novembre 2025<\/p>\n<p>Dans ce livre \u00e9minemment actuel, Allan Deneuville nous \u00e9claire sur la capacit\u00e9 de l\u2019OSINT \u00e0 d\u00e9crypter notre \u00e9poque tout comme sur ses in\u00e9vitables limites ; car selon qu\u2019elles sont utilis\u00e9es \u00e0 des fins journalistiques, citoyennes, juridiques, s\u00e9curitaires ou criminelles, ces nouvelles enqu\u00eates sont en effet susceptibles de nourrir notre vie d\u00e9mocratique autant que de la menacer. Et il nous interroge, enfin, sur l\u2019aspiration de notre soci\u00e9t\u00e9 \u00e0 la transparence autant que sur les conditions de production de la v\u00e9rit\u00e9 \u00e0 l\u2019\u00e8re num\u00e9rique.<\/p>\n<p><a href=\"https:\/\/www.ina.fr\/ina-editions\/osint-enquetes-et-democratie\" rel=\"noopener noreferrer\" target=\"_blank\">Pour en savoir plus.<\/a><\/p>\n<\/div><\/aside>\n\n\n<p class=\"is-style-question wp-block-paragraph\"><strong>Qu\u2019est-ce que l\u2019OSINT nous apprend sur le num\u00e9rique aujourd\u2019hui ?<\/strong><\/p>\n\n\n\n<p class=\"wp-block-paragraph\">L\u2019OSINT est pour moi un formidable observatoire du num\u00e9rique parce qu\u2019elle nous rappelle que nous avons transform\u00e9 une partie consid\u00e9rable du monde en documents. Nos d\u00e9placements, nos achats, nos pratiques sportives, nos photographies, les trajectoires des avions et des bateaux, les modifications du territoire, les activit\u00e9s des entreprises ou des administrations laissent des traces. C\u2019est ce que j\u2019appelle, en reprenant notamment les travaux de Maurizio Ferraris, une situation d\u2019\u00ab&nbsp;hyperdocumentation&nbsp;\u00bb. Le paradoxe est qu\u2019on pr\u00e9sente souvent le num\u00e9rique comme quelque chose d\u2019immat\u00e9riel, alors que l\u2019OSINT montre exactement l\u2019inverse, car le num\u00e9rique produit \u00e9norm\u00e9ment de traces, et ces traces peuvent \u00eatre mises en relation. L\u2019OSINT r\u00e9v\u00e8le donc moins un monde dans lequel \u00ab&nbsp;tout est visible&nbsp;\u00bb qu\u2019un monde dans lequel \u00e9norm\u00e9ment de choses deviennent potentiellement documentables. Et cette diff\u00e9rence est importante : encore faut-il savoir chercher, relier et interpr\u00e9ter ces documents.<\/p>\n\n\n<aside id=\"notes-block_a0df519a5a530c76897b51a45b43680c\" class=\"notes notes--has-image\"><figure class=\"notes-media\"><img decoding=\"async\" width=\"225\" height=\"300\" src=\"https:\/\/cyberforgood.org\/wp-content\/uploads\/2026\/09\/Design-sans-titre2-1-225x300.png\" class=\"notes-media__img\" alt=\"\" loading=\"lazy\" srcset=\"\" sizes=\"auto, \" \/><\/figure><div class=\"notes-body\"><p><strong>Documentalit\u00e9<\/strong><br \/>\nMaurizio Ferraris I Les \u00e9ditions du cerf, janvier 2021<\/p>\n<p>Avec Internet, les smartphones, les plateformes num\u00e9riques et les objets connect\u00e9s, la production de documents et de traces s&rsquo;est d\u00e9multipli\u00e9e. Le philosophe italien Maurizio Ferraris souligne que les technologies num\u00e9riques ont rendu visible un ph\u00e9nom\u00e8ne d\u00e9j\u00e0 pr\u00e9sent dans les soci\u00e9t\u00e9s humaines : la d\u00e9pendance de la vie sociale aux enregistrements. Aujourd&rsquo;hui, chaque clic, achat, d\u00e9placement ou interaction g\u00e9n\u00e8re potentiellement une trace num\u00e9rique.<\/p>\n<p><a href=\"https:\/\/www.editionsducerf.fr\/librairie\/documentalite\/\" rel=\"noopener noreferrer\" target=\"_blank\">Pour aller plus loin.<br \/>\n<\/a><\/p>\n<\/div><\/aside>\n\n\n<p class=\"is-style-question wp-block-paragraph\"><strong>Vous expliquez que l&rsquo;OSINT est avant tout une m\u00e9thode d&rsquo;enqu\u00eate. Qu&rsquo;est-ce qui distingue une d\u00e9marche d&rsquo;investigation d&rsquo;une simple recherche sur Internet ?<\/strong><\/p>\n\n\n\n<p class=\"wp-block-paragraph\">Une recherche sur Internet consiste g\u00e9n\u00e9ralement \u00e0 chercher une information que l\u2019on suppose d\u00e9j\u00e0 disponible quelque part (une date, un nom, un document, une adresse). Une enqu\u00eate commence lorsque la r\u00e9ponse n\u2019est pr\u00e9cis\u00e9ment pas imm\u00e9diatement disponible. Il faut alors la construire \u00e0 partir d\u2019indices dispers\u00e9s. Prenons &nbsp;par exemple une vid\u00e9o dont on ignore le lieu et la date. Aucun moteur de recherche ne va n\u00e9cessairement vous donner la r\u00e9ponse. <\/p>\n\n\n\n<p class=\"wp-block-paragraph\">Il faut observer l\u2019architecture, une enseigne, la v\u00e9g\u00e9tation, l\u2019orientation des ombres, comparer avec des images satellites, chercher d\u2019autres vid\u00e9os, \u00e9ventuellement retrouver les conditions m\u00e9t\u00e9orologiques du jour. C\u2019est ce passage de l\u2019information \u00e0 l\u2019indice qui me para\u00eet fondamental. L\u2019enqu\u00eate consiste \u00e0 faire parler ensemble des \u00e9l\u00e9ments qui, pris s\u00e9par\u00e9ment, ne disent presque rien. Et surtout, une v\u00e9ritable d\u00e9marche d\u2019investigation doit accepter la possibilit\u00e9 de l\u2019\u00e9chec. Si je cherche uniquement des \u00e9l\u00e9ments confirmant ce que je pensais au d\u00e9part, je ne suis plus vraiment dans une logique d\u2019enqu\u00eate.<\/p>\n\n\n\n<p class=\"is-style-question wp-block-paragraph\"><strong>Quelles sont les trois crit\u00e8res essentiels pour une enqu\u00eate en OSINT ?<\/strong><\/p>\n\n\n\n<p class=\"wp-block-paragraph\">J\u2019en retiendrais trois : la tra\u00e7abilit\u00e9, la triangulation et la reproductibilit\u00e9. La tra\u00e7abilit\u00e9, d\u2019abord : il faut pouvoir expliquer d\u2019o\u00f9 viennent les informations utilis\u00e9es et comment elles ont \u00e9t\u00e9 obtenues. La triangulation, ensuite : une source isol\u00e9e est rarement suffisante. Il faut confronter des documents de nature diff\u00e9rente, par exemple une vid\u00e9o, une image satellite, une publication sur un r\u00e9seau social et une donn\u00e9e m\u00e9t\u00e9orologique. Enfin, la reproductibilit\u00e9 : dans la mesure du possible, quelqu\u2019un d\u2019autre doit pouvoir reprendre notre raisonnement et comprendre comment nous sommes arriv\u00e9s \u00e0 cette conclusion. C\u2019est important parce que la force d\u2019une enqu\u00eate OSINT ne devrait pas reposer sur l\u2019autorit\u00e9 de celui qui affirme : \u00ab&nbsp;croyez-moi, je suis expert&nbsp;\u00bb. Elle doit au contraire reposer sur la possibilit\u00e9 donn\u00e9e aux autres d\u2019examiner le chemin qui conduit \u00e0 la preuve.<\/p>\n\n\n\n<p class=\"is-style-question wp-block-paragraph\"><strong>L&rsquo;OSINT est n\u00e9 au sein des services de renseignement mais s&rsquo;est diffus\u00e9 aupr\u00e8s des journalistes, des ONG, des chercheurs et, plus largement, des citoyens. Que r\u00e9v\u00e8le cette d\u00e9mocratisation de l\u2019OSINT de notre rapport \u00e0 l&rsquo;information ?<\/strong><\/p>\n\n\n\n<p class=\"wp-block-paragraph\">Elle r\u00e9v\u00e8le une transformation assez profonde de l\u2019autorit\u00e9 informationnelle. Pendant longtemps, certaines capacit\u00e9s d\u2019enqu\u00eate \u00e9taient li\u00e9es \u00e0 la possession de moyens techniques extr\u00eamement co\u00fbteux ou \u00e0 l\u2019acc\u00e8s \u00e0 des informations r\u00e9serv\u00e9es. Aujourd\u2019hui, un journaliste, un chercheur ou un simple citoyen peut acc\u00e9der \u00e0 des images satellites, suivre un navire, retrouver une vid\u00e9o supprim\u00e9e ou g\u00e9olocaliser une photographie. Cela redistribue en partie la capacit\u00e9 \u00e0 produire des faits. Des citoyens peuvent documenter des violences polici\u00e8res, des ONG peuvent documenter des crimes de guerre, des journalistes peuvent contester la version officielle d\u2019un \u00c9tat. <\/p>\n\n\n\n<p class=\"wp-block-paragraph\">Mais il faut imm\u00e9diatement ajouter que cette d\u00e9mocratisation n\u2019est pas synonyme d\u2019\u00e9galit\u00e9. Nous n\u2019avons ni les m\u00eames comp\u00e9tences, ni les m\u00eames infrastructures, ni les m\u00eames capacit\u00e9s de calcul, ni les m\u00eames acc\u00e8s aux donn\u00e9es. Et surtout, cette d\u00e9mocratisation concerne \u00e9galement les acteurs malveillants. Les m\u00eames m\u00e9thodes peuvent servir \u00e0 documenter un crime de guerre ou \u00e0 identifier et harceler quelqu\u2019un. C\u2019est pr\u00e9cis\u00e9ment cette ambivalence qui m\u2019int\u00e9resse.<\/p>\n\n\n\n<p class=\"is-style-question wp-block-paragraph\"><strong>Depuis deux d\u00e9cennies, nous avons num\u00e9ris\u00e9 massivement notre vie personnelle et professionnelle. Sur les r\u00e9seaux sociaux, nous produisons toutes et tous des traces num\u00e9riques. Sommes-nous devenus, sans le vouloir, les principales sources des enqu\u00eates de demain ?<\/strong><\/p>\n\n\n\n<p class=\"wp-block-paragraph\">Oui, et c\u2019est probablement l\u2019un des changements les plus importants. L\u2019exemple classique est celui des \u00ab&nbsp;Strava Leaks&nbsp;\u00bb. Des militaires faisaient simplement leur jogging avec une application sportive et ont contribu\u00e9, sans le vouloir, \u00e0 rendre visibles des installations militaires sensibles. Nous sommes devenus des producteurs permanents de documents. Une photographie de vacances peut renseigner sur un b\u00e2timent situ\u00e9 \u00e0 l\u2019arri\u00e8re-plan. Une application sportive peut r\u00e9v\u00e9ler un d\u00e9placement. Une vid\u00e9o anodine peut documenter quelques ann\u00e9es plus tard un \u00e9v\u00e9nement historique.<\/p>\n\n\n<aside id=\"notes-block_1858619eefecf46c3a3657c85582ed18\" class=\"notes notes--has-image\"><figure class=\"notes-media\"><img decoding=\"async\" width=\"300\" height=\"170\" src=\"https:\/\/cyberforgood.org\/wp-content\/uploads\/2026\/09\/3-1-300x170.png\" class=\"notes-media__img\" alt=\"\" loading=\"lazy\" srcset=\"\" sizes=\"auto, \" \/><\/figure><div class=\"notes-body\"><p>L&rsquo;enqu\u00eate journalistique <strong>StravaLeaks <\/strong> men\u00e9e par le journal <em>Le Monde<\/em> met en lumi\u00e8re les risques de g\u00e9olocalisation li\u00e9s \u00e0 l&rsquo;utilisation de l&rsquo;application Strava par des militaires et des agents de s\u00e9curit\u00e9.<\/p>\n<p><a href=\"https:\/\/www.lemonde.fr\/international\/video\/2026\/03\/29\/stravaleaks-les-journalistes-du-monde-racontent-leur-enquete_6675226_3210.html\" rel=\"noopener noreferrer\" target=\"_blank\">Pour en savoir plus.<\/a><\/p>\n<\/div><\/aside>\n\n\n<p class=\"is-style-question wp-block-paragraph\"><strong>Votre livre associe directement OSINT et d\u00e9mocratie. Pourquoi ce lien vous semble-t-il aujourd&rsquo;hui essentiel ?<\/strong><\/p>\n\n\n\n<p class=\"wp-block-paragraph\">Parce que l\u2019OSINT touche directement \u00e0 la distribution du pouvoir de voir, de savoir et de produire des preuves. Elle permet \u00e0 des journalistes, des chercheurs, des associations ou des citoyens de documenter ce que des \u00c9tats, des arm\u00e9es ou des entreprises pr\u00e9f\u00e9reraient parfois laisser invisible. Mais il existe un lien encore plus structurel entre OSINT et d\u00e9mocratie. Pour \u00eatre efficace, l\u2019OSINT a besoin d\u2019un espace informationnel relativement ouvert, avec des donn\u00e9es publiques accessibles, une presse libre, une recherche scientifique ouverte, des r\u00e9seaux sociaux qui ne soient pas enti\u00e8rement censur\u00e9s. La libert\u00e9 de circulation de l\u2019information est donc en quelque sorte l\u2019une des infrastructures de l\u2019OSINT. <\/p>\n\n\n\n<p class=\"wp-block-paragraph\">Il ne faut cependant pas penser la d\u00e9mocratie comme un bouton <em>on\/off<\/em>. C\u2019est plut\u00f4t un spectre. M\u00eame dans des r\u00e9gimes autoritaires, il subsiste des poches d\u2019ouverture et, pourrait-on dire, des poches de d\u00e9mocratie, dans lesquelles circulent des informations qui rendent possibles des enqu\u00eates en sources ouvertes. C\u2019est aussi ce qui fait de l\u2019OSINT un <em>pharmakon<\/em>, \u00e0 la fois rem\u00e8de et poison. L\u2019ouverture qui permet aux citoyens d\u2019enqu\u00eater sur le pouvoir peut \u00e9galement \u00eatre exploit\u00e9e par des \u00c9tats autoritaires, des groupes militants ou des communaut\u00e9s complotistes. Les d\u00e9mocraties peuvent m\u00eame \u00eatre particuli\u00e8rement vuln\u00e9rables parce qu\u2019elles produisent et rendent accessibles beaucoup plus d\u2019informations sur elles-m\u00eames. L\u2019enjeu est donc de pr\u00e9server cette ouverture informationnelle tout en r\u00e9fl\u00e9chissant collectivement aux usages que nous en faisons.<\/p>\n\n\n\n<p class=\"is-style-question wp-block-paragraph\"><strong>Peut-on consid\u00e9rer que la capacit\u00e9 \u00e0 v\u00e9rifier une information devient d\u00e9sormais une comp\u00e9tence citoyenne, au m\u00eame titre que lire, \u00e9crire ou d\u00e9battre ? Et est-ce que cela est bien pris en compte dans le syst\u00e8me \u00e9ducatif fran\u00e7ais ?<\/strong><\/p>\n\n\n\n<p class=\"wp-block-paragraph\">Oui. Je d\u00e9fends assez explicitement l\u2019id\u00e9e qu\u2019une initiation \u00e0 l\u2019OSINT devrait devenir une comp\u00e9tence num\u00e9rique de base. Cela ne signifie \u00e9videmment pas transformer chaque coll\u00e9gien en enqu\u00eateur de Bellingcat. Mais comprendre comment retrouver l\u2019origine d\u2019une image, v\u00e9rifier sa date, identifier une source, comprendre ce qu\u2019est une m\u00e9tadonn\u00e9e, croiser plusieurs documents, sont d\u00e9sormais des comp\u00e9tences citoyennes. <\/p>\n\n\n<aside id=\"notes-block_0d2e974151f5d9224b69893edcc58780\" class=\"notes\"><div class=\"notes-body\"><p><strong>Bellingcat <\/strong>est un groupe international ind\u00e9pendant de chercheurs, d\u2019enqu\u00eateurs et de journalistes citoyens utilisant \u00e0 la fois : enqu\u00eates \u2018open source\u2019 et r\u00e9seaux sociaux, pour sonder une vari\u00e9t\u00e9 de sujets \u2013 trafiquants de drogue mexicains, crimes contre l\u2019humanit\u00e9, suivi de l\u2019utilisation d\u2019armes chimiques et conflits dans le monde entier.<\/p>\n<p><a href=\"https:\/\/fr.bellingcat.com\/\" rel=\"noopener noreferrer\" target=\"_blank\">Pour en savoir plus.<\/a><\/p>\n<\/div><\/aside>\n\n\n<p class=\"wp-block-paragraph\">Et je ne pense pas que ce soit encore suffisamment pris en compte dans le syst\u00e8me \u00e9ducatif fran\u00e7ais. Nous faisons de l\u2019\u00e9ducation aux m\u00e9dias et \u00e0 l\u2019information, ce qui est \u00e9videmment essentiel, mais elle reste trop souvent d\u00e9fensive : reconna\u00eetre une fake news, se m\u00e9fier des r\u00e9seaux sociaux, identifier une source fiable. Je pr\u00e9f\u00e9rerais une p\u00e9dagogie beaucoup plus active : donner aux \u00e9l\u00e8ves une image et leur demander de retrouver o\u00f9 elle a \u00e9t\u00e9 prise; leur donner une affirmation et leur demander comment ils pourraient la v\u00e9rifier. C\u2019est d\u2019autant plus important que je suis assez sceptique vis-\u00e0-vis d\u2019une r\u00e9ponse qui consisterait essentiellement \u00e0 \u00e9loigner les jeunes des r\u00e9seaux sociaux. Il me semble plus ambitieux d\u00e9mocratiquement de leur apprendre comment fonctionnent ces environnements, comment ils produisent de l\u2019information et comment on peut y enqu\u00eater.<\/p>\n\n\n\n<p class=\"is-style-question wp-block-paragraph\"><strong>Vous \u00e9voquez la notion de \u00ab Dark OSINT \u00bb. De quoi s\u2019agit-il ? Pensez-vous que nous sous-estimons les usages malveillants des sources ouvertes ?<\/strong><\/p>\n\n\n\n<p class=\"wp-block-paragraph\">J\u2019utilise le terme de \u00ab Dark OSINT \u00bb pour d\u00e9signer les usages malveillants ou antid\u00e9mocratiques des m\u00e9thodes d\u2019enqu\u00eate en sources ouvertes. L\u2019enjeu est important parce que les donn\u00e9es que nous rendons accessibles peuvent \u00eatre retourn\u00e9es contre les citoyens qui les produisent. On le voit avec certaines formes de vigilantisme num\u00e9rique, lorsque des internautes se mettent \u00e0 identifier, g\u00e9olocaliser ou d\u00e9signer publiquement des personnes qu\u2019ils consid\u00e8rent comme coupables. Mais les m\u00eames techniques peuvent aussi servir \u00e0 pr\u00e9parer des arnaques beaucoup plus cr\u00e9dibles, en utilisant les informations disponibles sur une personne, son travail, ses proches ou ses habitudes. <\/p>\n\n\n\n<p class=\"wp-block-paragraph\">\u00c0 une autre \u00e9chelle, cette ouverture peut \u00eatre exploit\u00e9e dans le cadre d\u2019ing\u00e9rences \u00e9trang\u00e8res. Une puissance peut observer tr\u00e8s pr\u00e9cis\u00e9ment les d\u00e9bats, les tensions ou les groupes qui structurent une soci\u00e9t\u00e9 et utiliser ces informations pour cibler certains publics et amplifier des divisions d\u00e9j\u00e0 existantes. C\u2019est l\u2019un des paradoxes de l\u2019OSINT. Nous avons beaucoup insist\u00e9 sur ce que l\u2019ouverture des donn\u00e9es permettait aux citoyens de faire aux puissants. Il faut aussi regarder ce qu\u2019elle permet aux puissants, aux escrocs ou \u00e0 des collectifs organis\u00e9s de faire aux citoyens.<\/p>\n\n\n\n<p class=\"is-style-question wp-block-paragraph\"><strong>Face aux deepfakes et \u00e0 l&rsquo;automatisation de la production de faux contenus, les m\u00e9thodes de v\u00e9rification peuvent-elles encore suivre le rythme ?<\/strong><\/p>\n\n\n\n<p class=\"wp-block-paragraph\">Je pense qu\u2019il faut \u00e9viter une vision trop catastrophiste dans laquelle nous entrerions soudainement dans un monde o\u00f9 plus rien ne serait v\u00e9rifiable. Un deepfake existe toujours quelque part. Il est publi\u00e9 par un compte, \u00e0 une certaine heure, dans un certain contexte ; il pr\u00e9tend repr\u00e9senter un lieu, une personne, un \u00e9v\u00e9nement. On peut donc continuer \u00e0 enqu\u00eater autour de lui. Le v\u00e9ritable probl\u00e8me est plut\u00f4t celui de l\u2019\u00e9chelle. L\u2019intelligence artificielle permet d\u2019industrialiser la production de contenus faux ou trompeurs \u00e0 un co\u00fbt extr\u00eamement faible, alors que la v\u00e9rification reste relativement co\u00fbteuse en temps et en comp\u00e9tences. On se retrouve donc avec une asym\u00e9trie car quelques secondes peuvent suffire pour produire une image fausse, alors qu\u2019il faudra parfois plusieurs heures pour \u00e9tablir pr\u00e9cis\u00e9ment pourquoi elle est fausse. <\/p>\n\n\n\n<p class=\"wp-block-paragraph\">L\u2019enjeu de l\u2019OSINT n\u2019est donc plus seulement de d\u00e9tecter les faux. Il est de reconstruire des cha\u00eenes de preuve : provenance d\u2019un document, contexte de publication, corroboration par d\u2019autres images, donn\u00e9es satellites, t\u00e9moignages, archives, terrain. C\u2019est pourquoi je pense que l\u2019IA rend paradoxalement la m\u00e9thode OSINT encore plus importante. Dans un environnement satur\u00e9 de contenus synth\u00e9tiques, la question fondamentale ne sera plus seulement \u00ab&nbsp;est-ce que cette image a l\u2019air vraie ?&nbsp;\u00bb, mais \u00ab&nbsp;comment pouvons-nous \u00e9tablir collectivement ce qui s\u2019est effectivement pass\u00e9 ?&nbsp;\u00bb.<\/p>\n","protected":false},"excerpt":{"rendered":"<p>L&rsquo;OSINT est devenu un terme tr\u00e8s populaire. Pourtant, beaucoup l&rsquo;associent encore \u00e0 une simple collection d&rsquo;outils. Quelle est, selon vous, une bonne d\u00e9finition de l&rsquo;OSINT en 2026 ? J\u2019essaie justement&#8230;<\/p>\n","protected":false},"author":2,"featured_media":3261,"comment_status":"closed","ping_status":"closed","sticky":false,"template":"","format":"standard","meta":{"_acf_changed":false,"footnotes":""},"categories":[12,8],"tags":[],"class_list":["post-3260","post","type-post","status-publish","format-standard","has-post-thumbnail","hentry","category-cyber","category-media"],"acf":[],"yoast_head":"<!-- This site is optimized with the Yoast SEO plugin v28.3 - https:\/\/yoast.com\/product\/yoast-seo-wordpress\/ -->\n<title>Allan Deneuville : \u00ab Nous avons transform\u00e9 une partie consid\u00e9rable du monde en documents \u00bb - Cyber for Good<\/title>\n<meta name=\"robots\" content=\"index, follow, max-snippet:-1, max-image-preview:large, max-video-preview:-1\" \/>\n<link rel=\"canonical\" href=\"https:\/\/cyberforgood.org\/fr\/allan-deneuville-osint-democratie-cyber\/\" \/>\n<meta property=\"og:locale\" content=\"fr_FR\" \/>\n<meta property=\"og:type\" content=\"article\" \/>\n<meta property=\"og:title\" content=\"Allan Deneuville : \u00ab Nous avons transform\u00e9 une partie consid\u00e9rable du monde en documents \u00bb - Cyber for Good\" \/>\n<meta property=\"og:description\" content=\"L&rsquo;OSINT est devenu un terme tr\u00e8s populaire. Pourtant, beaucoup l&rsquo;associent encore \u00e0 une simple collection d&rsquo;outils. Quelle est, selon vous, une bonne d\u00e9finition de l&rsquo;OSINT en 2026 ? J\u2019essaie justement...\" \/>\n<meta property=\"og:url\" content=\"https:\/\/cyberforgood.org\/fr\/allan-deneuville-osint-democratie-cyber\/\" \/>\n<meta property=\"og:site_name\" content=\"Cyber for Good\" \/>\n<meta property=\"article:published_time\" content=\"2026-09-01T06:52:00+00:00\" \/>\n<meta property=\"article:modified_time\" content=\"2026-09-02T13:38:20+00:00\" \/>\n<meta property=\"og:image\" content=\"https:\/\/cyberforgood.org\/wp-content\/uploads\/2026\/09\/Photos-Interviews.png\" \/>\n\t<meta property=\"og:image:width\" content=\"800\" \/>\n\t<meta property=\"og:image:height\" content=\"800\" \/>\n\t<meta property=\"og:image:type\" content=\"image\/png\" \/>\n<meta name=\"author\" content=\"giulio.zucchini@advens.fr\" \/>\n<meta name=\"twitter:card\" content=\"summary_large_image\" \/>\n<meta name=\"twitter:label1\" content=\"\u00c9crit par\" \/>\n\t<meta name=\"twitter:data1\" content=\"giulio.zucchini@advens.fr\" \/>\n\t<meta name=\"twitter:label2\" content=\"Dur\u00e9e de lecture estim\u00e9e\" \/>\n\t<meta name=\"twitter:data2\" content=\"10 minutes\" \/>\n<script type=\"application\/ld+json\" class=\"yoast-schema-graph\">{\"@context\":\"https:\\\/\\\/schema.org\",\"@graph\":[{\"@type\":\"Article\",\"@id\":\"https:\\\/\\\/cyberforgood.org\\\/fr\\\/allan-deneuville-osint-democratie-cyber\\\/#article\",\"isPartOf\":{\"@id\":\"https:\\\/\\\/cyberforgood.org\\\/fr\\\/allan-deneuville-osint-democratie-cyber\\\/\"},\"author\":{\"name\":\"giulio.zucchini@advens.fr\",\"@id\":\"https:\\\/\\\/cyberforgood.org\\\/fr\\\/#\\\/schema\\\/person\\\/7c594c7c2a58e8f7bb3d6ff0451fa01e\"},\"headline\":\"Allan Deneuville : \u00ab Nous avons transform\u00e9 une partie consid\u00e9rable du monde en documents \u00bb\",\"datePublished\":\"2026-09-01T06:52:00+00:00\",\"dateModified\":\"2026-09-02T13:38:20+00:00\",\"mainEntityOfPage\":{\"@id\":\"https:\\\/\\\/cyberforgood.org\\\/fr\\\/allan-deneuville-osint-democratie-cyber\\\/\"},\"wordCount\":2184,\"publisher\":{\"@id\":\"https:\\\/\\\/cyberforgood.org\\\/fr\\\/#organization\"},\"image\":{\"@id\":\"https:\\\/\\\/cyberforgood.org\\\/fr\\\/allan-deneuville-osint-democratie-cyber\\\/#primaryimage\"},\"thumbnailUrl\":\"https:\\\/\\\/cyberforgood.org\\\/wp-content\\\/uploads\\\/2026\\\/09\\\/Photos-Interviews.png\",\"articleSection\":[\"Cyber\",\"M\u00e9dia\"],\"inLanguage\":\"fr-FR\"},{\"@type\":\"WebPage\",\"@id\":\"https:\\\/\\\/cyberforgood.org\\\/fr\\\/allan-deneuville-osint-democratie-cyber\\\/\",\"url\":\"https:\\\/\\\/cyberforgood.org\\\/fr\\\/allan-deneuville-osint-democratie-cyber\\\/\",\"name\":\"Allan Deneuville : \u00ab Nous avons transform\u00e9 une partie consid\u00e9rable du monde en documents \u00bb - Cyber for Good\",\"isPartOf\":{\"@id\":\"https:\\\/\\\/cyberforgood.org\\\/fr\\\/#website\"},\"primaryImageOfPage\":{\"@id\":\"https:\\\/\\\/cyberforgood.org\\\/fr\\\/allan-deneuville-osint-democratie-cyber\\\/#primaryimage\"},\"image\":{\"@id\":\"https:\\\/\\\/cyberforgood.org\\\/fr\\\/allan-deneuville-osint-democratie-cyber\\\/#primaryimage\"},\"thumbnailUrl\":\"https:\\\/\\\/cyberforgood.org\\\/wp-content\\\/uploads\\\/2026\\\/09\\\/Photos-Interviews.png\",\"datePublished\":\"2026-09-01T06:52:00+00:00\",\"dateModified\":\"2026-09-02T13:38:20+00:00\",\"breadcrumb\":{\"@id\":\"https:\\\/\\\/cyberforgood.org\\\/fr\\\/allan-deneuville-osint-democratie-cyber\\\/#breadcrumb\"},\"inLanguage\":\"fr-FR\",\"potentialAction\":[{\"@type\":\"ReadAction\",\"target\":[\"https:\\\/\\\/cyberforgood.org\\\/fr\\\/allan-deneuville-osint-democratie-cyber\\\/\"]}]},{\"@type\":\"ImageObject\",\"inLanguage\":\"fr-FR\",\"@id\":\"https:\\\/\\\/cyberforgood.org\\\/fr\\\/allan-deneuville-osint-democratie-cyber\\\/#primaryimage\",\"url\":\"https:\\\/\\\/cyberforgood.org\\\/wp-content\\\/uploads\\\/2026\\\/09\\\/Photos-Interviews.png\",\"contentUrl\":\"https:\\\/\\\/cyberforgood.org\\\/wp-content\\\/uploads\\\/2026\\\/09\\\/Photos-Interviews.png\",\"width\":800,\"height\":800},{\"@type\":\"BreadcrumbList\",\"@id\":\"https:\\\/\\\/cyberforgood.org\\\/fr\\\/allan-deneuville-osint-democratie-cyber\\\/#breadcrumb\",\"itemListElement\":[{\"@type\":\"ListItem\",\"position\":1,\"name\":\"Accueil\",\"item\":\"https:\\\/\\\/cyberforgood.org\\\/fr\\\/\"},{\"@type\":\"ListItem\",\"position\":2,\"name\":\"Allan Deneuville : \u00ab Nous avons transform\u00e9 une partie consid\u00e9rable du monde en documents \u00bb\"}]},{\"@type\":\"WebSite\",\"@id\":\"https:\\\/\\\/cyberforgood.org\\\/fr\\\/#website\",\"url\":\"https:\\\/\\\/cyberforgood.org\\\/fr\\\/\",\"name\":\"Cyber for Good\",\"description\":\"\",\"publisher\":{\"@id\":\"https:\\\/\\\/cyberforgood.org\\\/fr\\\/#organization\"},\"potentialAction\":[{\"@type\":\"SearchAction\",\"target\":{\"@type\":\"EntryPoint\",\"urlTemplate\":\"https:\\\/\\\/cyberforgood.org\\\/fr\\\/?s={search_term_string}\"},\"query-input\":{\"@type\":\"PropertyValueSpecification\",\"valueRequired\":true,\"valueName\":\"search_term_string\"}}],\"inLanguage\":\"fr-FR\"},{\"@type\":\"Organization\",\"@id\":\"https:\\\/\\\/cyberforgood.org\\\/fr\\\/#organization\",\"name\":\"Cyber for Good\",\"url\":\"https:\\\/\\\/cyberforgood.org\\\/fr\\\/\",\"logo\":{\"@type\":\"ImageObject\",\"inLanguage\":\"fr-FR\",\"@id\":\"https:\\\/\\\/cyberforgood.org\\\/fr\\\/#\\\/schema\\\/logo\\\/image\\\/\",\"url\":\"https:\\\/\\\/cyberforgood.org\\\/wp-content\\\/uploads\\\/2025\\\/09\\\/Logo-CFG.svg\",\"contentUrl\":\"https:\\\/\\\/cyberforgood.org\\\/wp-content\\\/uploads\\\/2025\\\/09\\\/Logo-CFG.svg\",\"caption\":\"Cyber for Good\"},\"image\":{\"@id\":\"https:\\\/\\\/cyberforgood.org\\\/fr\\\/#\\\/schema\\\/logo\\\/image\\\/\"}},{\"@type\":\"Person\",\"@id\":\"https:\\\/\\\/cyberforgood.org\\\/fr\\\/#\\\/schema\\\/person\\\/7c594c7c2a58e8f7bb3d6ff0451fa01e\",\"name\":\"giulio.zucchini@advens.fr\",\"image\":{\"@type\":\"ImageObject\",\"inLanguage\":\"fr-FR\",\"@id\":\"https:\\\/\\\/secure.gravatar.com\\\/avatar\\\/f030c14e0c58bff1f6c43f811c4167b60a3dee41bb698c31eb16139c20ffc9bd?s=96&d=mm&r=g\",\"url\":\"https:\\\/\\\/secure.gravatar.com\\\/avatar\\\/f030c14e0c58bff1f6c43f811c4167b60a3dee41bb698c31eb16139c20ffc9bd?s=96&d=mm&r=g\",\"contentUrl\":\"https:\\\/\\\/secure.gravatar.com\\\/avatar\\\/f030c14e0c58bff1f6c43f811c4167b60a3dee41bb698c31eb16139c20ffc9bd?s=96&d=mm&r=g\",\"caption\":\"giulio.zucchini@advens.fr\"},\"url\":\"https:\\\/\\\/cyberforgood.org\\\/fr\\\/author\\\/giulio-zucchiniadvens-fr\\\/\"}]}<\/script>\n<!-- \/ Yoast SEO plugin. -->","yoast_head_json":{"title":"Allan Deneuville : \u00ab Nous avons transform\u00e9 une partie consid\u00e9rable du monde en documents \u00bb - Cyber for Good","robots":{"index":"index","follow":"follow","max-snippet":"max-snippet:-1","max-image-preview":"max-image-preview:large","max-video-preview":"max-video-preview:-1"},"canonical":"https:\/\/cyberforgood.org\/fr\/allan-deneuville-osint-democratie-cyber\/","og_locale":"fr_FR","og_type":"article","og_title":"Allan Deneuville : \u00ab Nous avons transform\u00e9 une partie consid\u00e9rable du monde en documents \u00bb - Cyber for Good","og_description":"L&rsquo;OSINT est devenu un terme tr\u00e8s populaire. Pourtant, beaucoup l&rsquo;associent encore \u00e0 une simple collection d&rsquo;outils. Quelle est, selon vous, une bonne d\u00e9finition de l&rsquo;OSINT en 2026 ? J\u2019essaie justement...","og_url":"https:\/\/cyberforgood.org\/fr\/allan-deneuville-osint-democratie-cyber\/","og_site_name":"Cyber for Good","article_published_time":"2026-09-01T06:52:00+00:00","article_modified_time":"2026-09-02T13:38:20+00:00","og_image":[{"width":800,"height":800,"url":"https:\/\/cyberforgood.org\/wp-content\/uploads\/2026\/09\/Photos-Interviews.png","type":"image\/png"}],"author":"giulio.zucchini@advens.fr","twitter_card":"summary_large_image","twitter_misc":{"\u00c9crit par":"giulio.zucchini@advens.fr","Dur\u00e9e de lecture estim\u00e9e":"10 minutes"},"schema":{"@context":"https:\/\/schema.org","@graph":[{"@type":"Article","@id":"https:\/\/cyberforgood.org\/fr\/allan-deneuville-osint-democratie-cyber\/#article","isPartOf":{"@id":"https:\/\/cyberforgood.org\/fr\/allan-deneuville-osint-democratie-cyber\/"},"author":{"name":"giulio.zucchini@advens.fr","@id":"https:\/\/cyberforgood.org\/fr\/#\/schema\/person\/7c594c7c2a58e8f7bb3d6ff0451fa01e"},"headline":"Allan Deneuville : \u00ab Nous avons transform\u00e9 une partie consid\u00e9rable du monde en documents \u00bb","datePublished":"2026-09-01T06:52:00+00:00","dateModified":"2026-09-02T13:38:20+00:00","mainEntityOfPage":{"@id":"https:\/\/cyberforgood.org\/fr\/allan-deneuville-osint-democratie-cyber\/"},"wordCount":2184,"publisher":{"@id":"https:\/\/cyberforgood.org\/fr\/#organization"},"image":{"@id":"https:\/\/cyberforgood.org\/fr\/allan-deneuville-osint-democratie-cyber\/#primaryimage"},"thumbnailUrl":"https:\/\/cyberforgood.org\/wp-content\/uploads\/2026\/09\/Photos-Interviews.png","articleSection":["Cyber","M\u00e9dia"],"inLanguage":"fr-FR"},{"@type":"WebPage","@id":"https:\/\/cyberforgood.org\/fr\/allan-deneuville-osint-democratie-cyber\/","url":"https:\/\/cyberforgood.org\/fr\/allan-deneuville-osint-democratie-cyber\/","name":"Allan Deneuville : \u00ab Nous avons transform\u00e9 une partie consid\u00e9rable du monde en documents \u00bb - Cyber for Good","isPartOf":{"@id":"https:\/\/cyberforgood.org\/fr\/#website"},"primaryImageOfPage":{"@id":"https:\/\/cyberforgood.org\/fr\/allan-deneuville-osint-democratie-cyber\/#primaryimage"},"image":{"@id":"https:\/\/cyberforgood.org\/fr\/allan-deneuville-osint-democratie-cyber\/#primaryimage"},"thumbnailUrl":"https:\/\/cyberforgood.org\/wp-content\/uploads\/2026\/09\/Photos-Interviews.png","datePublished":"2026-09-01T06:52:00+00:00","dateModified":"2026-09-02T13:38:20+00:00","breadcrumb":{"@id":"https:\/\/cyberforgood.org\/fr\/allan-deneuville-osint-democratie-cyber\/#breadcrumb"},"inLanguage":"fr-FR","potentialAction":[{"@type":"ReadAction","target":["https:\/\/cyberforgood.org\/fr\/allan-deneuville-osint-democratie-cyber\/"]}]},{"@type":"ImageObject","inLanguage":"fr-FR","@id":"https:\/\/cyberforgood.org\/fr\/allan-deneuville-osint-democratie-cyber\/#primaryimage","url":"https:\/\/cyberforgood.org\/wp-content\/uploads\/2026\/09\/Photos-Interviews.png","contentUrl":"https:\/\/cyberforgood.org\/wp-content\/uploads\/2026\/09\/Photos-Interviews.png","width":800,"height":800},{"@type":"BreadcrumbList","@id":"https:\/\/cyberforgood.org\/fr\/allan-deneuville-osint-democratie-cyber\/#breadcrumb","itemListElement":[{"@type":"ListItem","position":1,"name":"Accueil","item":"https:\/\/cyberforgood.org\/fr\/"},{"@type":"ListItem","position":2,"name":"Allan Deneuville : \u00ab Nous avons transform\u00e9 une partie consid\u00e9rable du monde en documents \u00bb"}]},{"@type":"WebSite","@id":"https:\/\/cyberforgood.org\/fr\/#website","url":"https:\/\/cyberforgood.org\/fr\/","name":"Cyber for Good","description":"","publisher":{"@id":"https:\/\/cyberforgood.org\/fr\/#organization"},"potentialAction":[{"@type":"SearchAction","target":{"@type":"EntryPoint","urlTemplate":"https:\/\/cyberforgood.org\/fr\/?s={search_term_string}"},"query-input":{"@type":"PropertyValueSpecification","valueRequired":true,"valueName":"search_term_string"}}],"inLanguage":"fr-FR"},{"@type":"Organization","@id":"https:\/\/cyberforgood.org\/fr\/#organization","name":"Cyber for Good","url":"https:\/\/cyberforgood.org\/fr\/","logo":{"@type":"ImageObject","inLanguage":"fr-FR","@id":"https:\/\/cyberforgood.org\/fr\/#\/schema\/logo\/image\/","url":"https:\/\/cyberforgood.org\/wp-content\/uploads\/2025\/09\/Logo-CFG.svg","contentUrl":"https:\/\/cyberforgood.org\/wp-content\/uploads\/2025\/09\/Logo-CFG.svg","caption":"Cyber for Good"},"image":{"@id":"https:\/\/cyberforgood.org\/fr\/#\/schema\/logo\/image\/"}},{"@type":"Person","@id":"https:\/\/cyberforgood.org\/fr\/#\/schema\/person\/7c594c7c2a58e8f7bb3d6ff0451fa01e","name":"giulio.zucchini@advens.fr","image":{"@type":"ImageObject","inLanguage":"fr-FR","@id":"https:\/\/secure.gravatar.com\/avatar\/f030c14e0c58bff1f6c43f811c4167b60a3dee41bb698c31eb16139c20ffc9bd?s=96&d=mm&r=g","url":"https:\/\/secure.gravatar.com\/avatar\/f030c14e0c58bff1f6c43f811c4167b60a3dee41bb698c31eb16139c20ffc9bd?s=96&d=mm&r=g","contentUrl":"https:\/\/secure.gravatar.com\/avatar\/f030c14e0c58bff1f6c43f811c4167b60a3dee41bb698c31eb16139c20ffc9bd?s=96&d=mm&r=g","caption":"giulio.zucchini@advens.fr"},"url":"https:\/\/cyberforgood.org\/fr\/author\/giulio-zucchiniadvens-fr\/"}]}},"_links":{"self":[{"href":"https:\/\/cyberforgood.org\/fr\/wp-json\/wp\/v2\/posts\/3260","targetHints":{"allow":["GET"]}}],"collection":[{"href":"https:\/\/cyberforgood.org\/fr\/wp-json\/wp\/v2\/posts"}],"about":[{"href":"https:\/\/cyberforgood.org\/fr\/wp-json\/wp\/v2\/types\/post"}],"author":[{"embeddable":true,"href":"https:\/\/cyberforgood.org\/fr\/wp-json\/wp\/v2\/users\/2"}],"replies":[{"embeddable":true,"href":"https:\/\/cyberforgood.org\/fr\/wp-json\/wp\/v2\/comments?post=3260"}],"version-history":[{"count":3,"href":"https:\/\/cyberforgood.org\/fr\/wp-json\/wp\/v2\/posts\/3260\/revisions"}],"predecessor-version":[{"id":3268,"href":"https:\/\/cyberforgood.org\/fr\/wp-json\/wp\/v2\/posts\/3260\/revisions\/3268"}],"wp:featuredmedia":[{"embeddable":true,"href":"https:\/\/cyberforgood.org\/fr\/wp-json\/wp\/v2\/media\/3261"}],"wp:attachment":[{"href":"https:\/\/cyberforgood.org\/fr\/wp-json\/wp\/v2\/media?parent=3260"}],"wp:term":[{"taxonomy":"category","embeddable":true,"href":"https:\/\/cyberforgood.org\/fr\/wp-json\/wp\/v2\/categories?post=3260"},{"taxonomy":"post_tag","embeddable":true,"href":"https:\/\/cyberforgood.org\/fr\/wp-json\/wp\/v2\/tags?post=3260"}],"curies":[{"name":"wp","href":"https:\/\/api.w.org\/{rel}","templated":true}]}}