{"id":3217,"date":"2026-09-01T15:29:17","date_gmt":"2026-09-01T13:29:17","guid":{"rendered":"https:\/\/cyberforgood.org\/?p=3217"},"modified":"2026-09-01T15:29:19","modified_gmt":"2026-09-01T13:29:19","slug":"anne-sophie-dhiver-lobjectif-des-ingerences-numeriques-etrangeres-est-de-nous-diviser","status":"publish","type":"post","link":"https:\/\/cyberforgood.org\/fr\/anne-sophie-dhiver-lobjectif-des-ingerences-numeriques-etrangeres-est-de-nous-diviser\/","title":{"rendered":"Anne-Sophie Dhiver : \u00ab L&rsquo;objectif des ing\u00e9rences num\u00e9riques \u00e9trang\u00e8res est de nous diviser \u00bb"},"content":{"rendered":"\n<p class=\"wp-block-paragraph\"><strong>Que sont les ing\u00e9rences num\u00e9riques&nbsp;\u00e9trang\u00e8res&nbsp;(INE)&nbsp;et \u00e0 partir de quand le sujet est devenu une priorit\u00e9 de l\u2019Etat fran\u00e7ais&nbsp;?<\/strong><\/p>\n\n\n\n<p class=\"wp-block-paragraph\"><strong>Anne-Sophie Dhiver <\/strong>I Volet num\u00e9rique de la manipulation de l\u2019information, l\u2019ing\u00e9rence num\u00e9rique \u00e9trang\u00e8re consiste, pour un Etat \u00e9tranger ou une entit\u00e9 non-\u00e9tatique \u00e9trang\u00e8re, \u00e0 diffuser de mani\u00e8re artificielle ou automatis\u00e9e, massive et d\u00e9lib\u00e9r\u00e9e des contenus manifestement inexacts ou trompeurs, de nature \u00e0 porter atteinte aux int\u00e9r\u00eats fondamentaux de la Nation.<\/p>\n\n\n<aside id=\"notes-block_735f4569a8565d1fe64e10bfb4f68238\" class=\"notes notes--has-image\"><figure class=\"notes-media\"><img decoding=\"async\" width=\"225\" height=\"300\" src=\"https:\/\/cyberforgood.org\/wp-content\/uploads\/2026\/09\/Design-sans-titre-1-1-225x300.png\" class=\"notes-media__img\" alt=\"\" loading=\"lazy\" srcset=\"\" sizes=\"auto, \" \/><\/figure><div class=\"notes-body\"><p><b>RAPPORT<\/b><br \/>\nVIGINUM d\u00e9finit un <b>mode op\u00e9ratoire informationnel<\/b> (MOI) comme un ensemble de comportements, d\u2019outils et de tactiques, techniques et proc\u00e9dures (TTP) adverses pr\u00e9sum\u00e9s li\u00e9s au m\u00eame acteur malveillant ou groupe d\u2019acteurs malveillants, qui peut \u00eatre inconnu.<\/p>\n<p><a href=\"https:\/\/www.sgdsn.gouv.fr\/publications\/definitions-et-objectifs-du-concept-de-mode-operatoire-informationnel-moi\" rel=\"noopener noreferrer\" target=\"_blank\">Lire le rapport D\u00e9finitions et objectifs du concept de \u00ab mode op\u00e9ratoire informationnel \u00bb (MOI).<\/a><\/p>\n<\/div><\/aside>\n\n\n<p class=\"wp-block-paragraph\">Lorsque les Macron Leaks, qui comprenaient un volet de cyber attaque et un volet manipulation de l\u2019information, ont touch\u00e9 l\u2019\u00e9lection pr\u00e9sidentielles de 2017, cela a constitu\u00e9 un moment de bascule important. Il y a eu une v\u00e9ritable prise de conscience dans les plus hautes sph\u00e8res de l\u2019Etat que les ing\u00e9rences num\u00e9riques \u00e9trang\u00e8res touchaient aussi la France et faisaient peser une menace pour la d\u00e9mocratie. Les <a href=\"https:\/\/www.legifrance.gouv.fr\/loda\/id\/JORFTEXT000037847559\">lois du 22 d\u00e9cembre 2018<\/a> ont permis d\u2019\u00e9toffer l\u2019arsenal l\u00e9gislatif fran\u00e7ais face aux manipulations de l\u2019information.<\/p>\n\n\n\n<p class=\"wp-block-paragraph\">D\u2019autres \u00e9v\u00e9nements dans les ann\u00e9es qui ont suivi, notamment l\u2019assassinat de Samuel Paty et la vaste campagne en ligne anti-fran\u00e7aise en provenance de Turquie ont fait prendre conscience de l\u2019int\u00e9r\u00eat de cr\u00e9er VIGINUM afin de disposer de capacit\u00e9s plus r\u00e9actives face \u00e0 la menace. Le service est n\u00e9 en juillet 2021.<\/p>\n\n\n\n<p class=\"wp-block-paragraph\"><strong>Quelle est la mission de VIGINUM pour y faire&nbsp;face&nbsp;?&nbsp;&nbsp;<\/strong><\/p>\n\n\n\n<p class=\"wp-block-paragraph\"><strong>Anne-Sophie Dhiver <\/strong>I La mission principale de VIGINUM est la d\u00e9tection et caract\u00e9risation des ing\u00e9rences num\u00e9riques \u00e9trang\u00e8res. VIGINUM n\u2019est pas un service de renseignement, d\u2019enqu\u00eate de police ou m\u00eame de \u00ab&nbsp;fact checking&nbsp;\u00bb. S\u2019appuyant sur la collecte et l\u2019analyse de donn\u00e9es publiquement accessibles, l\u2019approche de VIGINUM est technique, fond\u00e9e sur l\u2019analyse des proc\u00e9d\u00e9s de diffusion utilis\u00e9s par les acteurs \u00e9trangers.<\/p>\n\n\n\n<p class=\"wp-block-paragraph\">Le service ne s\u2019int\u00e9resse ainsi pas aux contenus diffus\u00e9s mais plut\u00f4t aux moyens pour les diffuser. Concr\u00e8tement le service documente des modes op\u00e9ratoires informationnels, c\u2019est-\u00e0-dire un ensemble de comportements, d\u2019outils, de tactiques, techniques et proc\u00e9dures (TTP) adverses li\u00e9s au m\u00eame acteur \u00e9tranger malveillant ou groupe d\u2019acteurs malveillants, qui peut \u00eatre inconnu.<\/p>\n\n\n\n<p class=\"wp-block-paragraph\">VIGINUM est \u00e9galement dot\u00e9 d\u2019autres missions, comme par exemple contribuer aux travaux europ\u00e9ens et internationaux&nbsp;en mati\u00e8re de lutte contre les manipulations de l&rsquo;information d&rsquo;origine \u00e9trang\u00e8re, mener des travaux de recherche et d\u00e9veloppement&nbsp;(R&amp;D) destin\u00e9s \u00e0 mettre \u00e0 la disposition de la population des outils de d\u00e9tection des op\u00e9rations d&rsquo;ing\u00e9rences num\u00e9riques \u00e9trang\u00e8res, ou encore contribuer \u00e0 l&rsquo;information de la population&nbsp;et \u00e0 son \u00e9ducation aux m\u00e9dias. La cr\u00e9ation du programme Cyber For Good M\u00e9dia avec Advens for People and Planet est l\u2019un des projets les plus aboutis r\u00e9pondant d\u2019ailleurs \u00e0 ce dernier enjeu.<\/p>\n\n\n\n<p class=\"wp-block-paragraph\"><strong>Quels&nbsp;sont les principaux acteurs de&nbsp;la&nbsp;manipulation de l\u2019information dans l\u2019espace&nbsp;num\u00e9rique&nbsp;en 2026&nbsp;?&nbsp;<\/strong><\/p>\n\n\n\n<p class=\"wp-block-paragraph\"><strong>Anne-Sophie Dhiver <\/strong>I Il est d\u00e9j\u00e0 important de comprendre que ce ne sont pas uniquement des acteurs \u00e9tatiques qui sont \u00e0 l\u2019origine des manipulations de l\u2019information, mais que de nombreux acteurs para\u00e9tatiques ou non \u00e9tatiques (dont des acteurs priv\u00e9s) peuvent op\u00e9rer des campagnes d\u2019INE. A partir du moment o\u00f9 il s\u2019agit d\u2019un acteur \u00e9tranger et que tous les autres crit\u00e8res de l\u2019INE sont r\u00e9unis, cela rentre dans le champ de comp\u00e9tences de VIGINUM.<\/p>\n\n\n\n<p class=\"wp-block-paragraph\">Concernant les pays d\u2019o\u00f9 peuvent provenir les INE, il est vrai que la Russie est l\u2019un des acteurs les plus agressifs et matures en termes de guerre informationnelle, mais aussi l\u2019un des plus document\u00e9s publiquement. N\u00e9anmoins, ce n\u2019est pas le seul acteur&nbsp;: VIGINUM a par exemple document\u00e9 des INE provenant de l\u2019Azerba\u00efdjan dans son rapport sur le Baku Initiative Group, ou sur des acteurs pro-PCC dans son rapport sur les Jeux Olympiques 2025.<\/p>\n\n\n<aside id=\"notes-block_91fc81029e941ad00b8687ab240d7b1f\" class=\"notes notes--has-image\"><figure class=\"notes-media\"><img decoding=\"async\" width=\"225\" height=\"300\" src=\"https:\/\/cyberforgood.org\/wp-content\/uploads\/2026\/09\/Design-sans-titre-12-225x300.png\" class=\"notes-media__img\" alt=\"\" loading=\"lazy\" srcset=\"\" sizes=\"auto, \" \/><\/figure><div class=\"notes-body\"><p><b>RAPPORT<\/b><br \/>\nUN-notorious BIG I VIGINUM publie un rapport technique sur l\u2019activit\u00e9 num\u00e9rique du Baku Initiative Group (BIG), un organisme de propagande d\u2019Etat bas\u00e9 en Azerba\u00efdjan qui tente de remettre en cause la souverainet\u00e9 de la France dans les DROM-COM et en Corse.<\/p>\n<p><a href=\"https:\/\/www.sgdsn.gouv.fr\/publications\/un-notorious-big-une-campagne-numerique-de-manipulation-de-linformation-ciblant-les\" rel=\"noopener noreferrer\" target=\"_blank\">Lire le rapport.<\/a><\/p>\n<\/div><\/aside>\n\n\n<p class=\"wp-block-paragraph\"><strong>Comment est&nbsp;financ\u00e9e&nbsp;la d\u00e9sinformation ?&nbsp;&nbsp;<\/strong><\/p>\n\n\n\n<p class=\"wp-block-paragraph\"><strong>Anne-Sophie Dhiver <\/strong>I Peu d\u2019\u00e9tudes existent sur le sujet. En revanche, on peut affirmer que nous faisons face \u00e0 une v\u00e9ritable \u00e9conomie de la d\u00e9sinformation avec la multiplication d\u2019interm\u00e9diaires et de soci\u00e9t\u00e9s priv\u00e9es vendant des services d\u2019influence voire d\u2019ing\u00e9rence en ligne. En outre, le ph\u00e9nom\u00e8ne des INE \u00e0 but lucratif est \u00e9galement source d\u2019inqui\u00e9tude. Il s\u2019agit de la diffusion et l\u2019exploitation par des acteurs \u00e9trangers opportunistes de contenus pr\u00e9sent\u00e9s de fa\u00e7on sensationnaliste afin de susciter de l\u2019engagement pour g\u00e9n\u00e9rer revenus, notamment en exploitant les syst\u00e8mes d\u2019automatisation publicitaire ou en b\u00e9n\u00e9ficiant des programmes de redistribution de revenus aux cr\u00e9ateurs propos\u00e9s par les plateformes elles-m\u00eames.&nbsp;<\/p>\n\n\n\n<p class=\"wp-block-paragraph\"><strong>La France est-elle particuli\u00e8rement vis\u00e9e par les INE&nbsp;? Comment justifiez-vous cela&nbsp;?<\/strong><\/p>\n\n\n\n<p class=\"wp-block-paragraph\"><strong>Anne-Sophie Dhiver <\/strong>I Il n\u2019y a pas vraiment de statistique officielle pour classer les pays les plus touch\u00e9s par les manipulations de l\u2019information. Il est vrai n\u00e9anmoins que du fait de son poids diplomatique et de son positionnement en faveur de l\u2019Ukraine notamment, la France est tr\u00e8s r\u00e9guli\u00e8rement cibl\u00e9e par les INE.<\/p>\n\n\n\n<p class=\"wp-block-paragraph\"><strong>Le cas des \u00e9lections municipales&nbsp;de 2026&nbsp;vous a-t-il amen\u00e9&nbsp;\u00e0 identifier&nbsp;des tendances que certains acteurs pourraient&nbsp;\u00eatre amen\u00e9s&nbsp;\u00e0 r\u00e9it\u00e9rer&nbsp;\u00e0 l\u2019avenir&nbsp;?&nbsp;Pourriez-vous revenir bri\u00e8vement sur l\u2019analyse du mode op\u00e9ratoire \u201cRokh&nbsp;Solis\u201d ?&nbsp;<\/strong><\/p>\n\n\n\n<p class=\"wp-block-paragraph\"><strong>Anne-Sophie Dhiver <\/strong>I <em>Rokh Solis<\/em> est unmode op\u00e9ratoire informationnel(MOI) qui a \u00e9t\u00e9 utilis\u00e9 notamment lors des municipales pour cibler le parti politique <em>La France Insoumise<\/em> (LFI). La campagne de Rokh Solis visant les municipales se d\u00e9compose en un r\u00e9seau de sites <em>web<\/em> et de comptes inauthentiques sur les r\u00e9seaux sociaux visant \u00e0 d\u00e9nigrer ce parti politique ainsi que plusieurs de ses candidats.<\/p>\n\n\n<aside id=\"notes-block_edc3a97de37b41deac09828c72639c41\" class=\"notes notes--has-image\"><figure class=\"notes-media\"><img decoding=\"async\" width=\"225\" height=\"300\" src=\"https:\/\/cyberforgood.org\/wp-content\/uploads\/2026\/09\/Design-sans-titre-1-225x300.png\" class=\"notes-media__img\" alt=\"\" loading=\"lazy\" srcset=\"\" sizes=\"auto, \" \/><\/figure><div class=\"notes-body\"><p><b>RAPPORT<\/b><\/p>\n<p>En mars 2026, VIGINUM a d\u00e9tect\u00e9 l\u2019existence d\u2019un nouveau mode op\u00e9ratoire informationnel (MOI), baptis\u00e9 Rokh Solis. Les investigations men\u00e9es par VIGINUM d\u00e9montrent que la campagne conduite au moyen de ce MOI r\u00e9unit les crit\u00e8res d\u2019une ing\u00e9rence num\u00e9rique \u00e9trang\u00e8re.<\/p>\n<p><a href=\"https:\/\/www.sgdsn.gouv.fr\/viginum\/publications\/rokh-solis-analyse-dun-mode-operatoire-informationnel-ayant-cible-les\" rel=\"noopener noreferrer\" target=\"_blank\">Lire le rapport.<\/a><\/p>\n<\/div><\/aside>\n\n\n<p class=\"wp-block-paragraph\">Deux strat\u00e9gies narratives distinctes\u00a0ont \u00e9t\u00e9 mobilis\u00e9es\u00a0:\u00a0d\u2019une part porter atteinte \u00e0 la r\u00e9putation du parti politique LFI ainsi que de certains de ses candidats et candidates, et d\u2019autre part polariser le d\u00e9bat public national en instrumentalisant la communaut\u00e9 musulmane. VIGINUM n\u2019est pas en mesure, avec ses m\u00e9thodes d\u2019investigation en source ouverte, de remonter jusqu\u2019\u00e0 un \u00e9ventuel commanditaire.<\/p>\n\n\n\n<p class=\"wp-block-paragraph\">Toutefois plusieurs \u00e9l\u00e9ments techniques permettent d\u2019affirmer l\u2019implication d\u2019un acteur \u00e9tranger, en l\u2019occurrence situ\u00e9 en Isra\u00ebl, notamment la pr\u00e9sence de caract\u00e8res h\u00e9breux dans les m\u00e9tadonn\u00e9es de certains des sites, la localisation de certains comptes de r\u00e9seaux sociaux bas\u00e9s en Isra\u00ebl et enfin le partage par certains des comptes sur les r\u00e9seaux sociaux de publications associ\u00e9es \u00e0 l\u2019organisation pro-isra\u00e9lienne ELNET.<\/p>\n\n\n\n<p class=\"wp-block-paragraph\">VIGINUM, en se fondant sur sa connaissance de l\u2019\u00e9cosyst\u00e8me informationnel isra\u00e9lien, estime que <em>Rokh Solis<\/em> pourrait pr\u00e9senter des caract\u00e9ristiques communes avec l\u2019activit\u00e9 d\u2019une entreprise isra\u00e9lienne \u0153uvrant dans le domaine de l\u2019influence en ligne, d\u00e9nomm\u00e9e <em>Blackcore.<\/em><\/p>\n\n\n\n<p class=\"wp-block-paragraph\"><strong>\u00c0&nbsp;l\u2019aune de ce contexte, quelles sont les menaces informationnelles que vous anticipez avec les \u00e9lections pr\u00e9sidentielles&nbsp;fran\u00e7aises en 2027&nbsp;?&nbsp;&nbsp;<\/strong><\/p>\n\n\n\n<p class=\"wp-block-paragraph\"><strong>Anne-Sophie Dhiver <\/strong>I Le bilan des municipales incite VIGINUM \u00e0 penser qu\u2019il existe un risque de durcissement de la menace d\u2019ing\u00e9rence num\u00e9rique \u00e9trang\u00e8res pour les \u00e9lections 2027. Ces ing\u00e9rences pourraient servir les objectifs strat\u00e9giques de nos comp\u00e9titeurs mais tout aussi bien r\u00e9sulter d\u2019une recherche de profit en instrumentalisant le d\u00e9bat public national.<\/p>\n\n\n\n<p class=\"wp-block-paragraph\">Ces constats appellent \u00e0 une vigilance accrue et soulignent la pertinence de la mise en place d\u2019un dispositif neutre, transparent et disposant de moyens d\u2019action r\u00e9actifs, dont la collaboration avec les plateformes et la communication publique doivent \u00eatre des pi\u00e8ces ma\u00eetresses.<\/p>\n\n\n\n<p class=\"wp-block-paragraph\"><strong>Quel a&nbsp;\u00e9t\u00e9&nbsp;le&nbsp;r\u00f4le&nbsp;de&nbsp;l\u2019IA&nbsp;g\u00e9n\u00e9rative&nbsp;dans les&nbsp;campagnes&nbsp;de&nbsp;d\u00e9sinformation&nbsp;?&nbsp;&nbsp;<\/strong><\/p>\n\n\n\n<p class=\"wp-block-paragraph\"><strong>Anne-Sophie Dhiver <\/strong>I L\u2019essor de l\u2019IA, combin\u00e9e aux m\u00e9canismes algorithmiques des r\u00e9seaux sociaux, interroge sur ses cons\u00e9quences en mati\u00e8re d\u2019int\u00e9grit\u00e9 de l\u2019information. Les technologies d\u2019IA sont certes susceptibles d\u2019accro\u00eetre le niveau de menace li\u00e9 aux ing\u00e9rences num\u00e9riques \u00e9trang\u00e8res. Le recours croissant \u00e0 cette technologie pourrait aussi accro\u00eetre la r\u00e9activit\u00e9 des acteurs malveillants, ainsi que l\u2019\u00e9chelle et la furtivit\u00e9 de leurs actions. &nbsp;<\/p>\n\n\n\n<p class=\"wp-block-paragraph\">Le Service documente d\u00e9j\u00e0 un recours accru \u00e0 l\u2019IA par exemple pour la cr\u00e9ation de vid\u00e9os ou de faux sites.<\/p>\n\n\n\n<p class=\"wp-block-paragraph\">N\u00e9anmoins l\u2019usage de IA ne permet pas, pour le moment, de faciliter la propagation d\u2019une campagne de manipulation de l\u2019information ni d\u2019en augmenter l\u2019impact. Certaines op\u00e9rations moins sophistiqu\u00e9es, n\u2019impliquant pas l\u2019IA ont d\u2019ailleurs parfois plus de visibilit\u00e9.<\/p>\n\n\n\n<p class=\"wp-block-paragraph\">Rappelons aussi que l\u2019IA offre des possibilit\u00e9s importantes pour faire face \u00e0 la menace notamment des outils pour mieux d\u00e9tecter et analyser les manipulations de l\u2019information. Les travaux de R&amp;D de VIGINUM visent \u00e0 d\u00e9velopper de telles capacit\u00e9s, en \u00e9tant \u00e0 l\u2019\u00e9tat de l\u2019art sur le sujet.&nbsp;<\/p>\n\n\n\n<p class=\"wp-block-paragraph\"><strong>Le v\u00e9hicule principal des INE reste les r\u00e9seaux sociaux am\u00e9ricain et chinois. Quel est le r\u00f4le et la position des plateformes en 2026&nbsp;? Est-ce qu\u2019ils jouent le jeu&nbsp;?<\/strong><\/p>\n\n\n\n<p class=\"wp-block-paragraph\"><strong>Anne-Sophie Dhiver <\/strong>I VIGINUM consid\u00e8re aujourd\u2019hui que les plateformes num\u00e9riques ne sont plus seulement un vecteur des manipulations de l\u2019information mais un acteur \u00e0 part enti\u00e8re. Leurs algorithmes et leurs mod\u00e8les fond\u00e9s sur l\u2019\u00e9conomie de l\u2019attention favorisent en effet la diffusion de contenus clivants et \u00e9motionnels, souvent manipul\u00e9s.<\/p>\n\n\n\n<p class=\"wp-block-paragraph\">Le sujet de la r\u00e9gulation des plateformes en ligne doit \u00eatre analys\u00e9 comme un enjeu de souverainet\u00e9 num\u00e9rique. Car ces attaques informationnelles ne cherchent pas \u00e0 enrichir le d\u00e9bat. Elles visent \u00e0 le corrompre, \u00e0 porter atteinte \u00e0 la confiance envers les m\u00e9dias, \u00e0 affaiblir notre capacit\u00e9 \u00e0 d\u00e9battre et \u00e0 choisir ensemble, \u00e0 nous diviser, en utilisant contre nous ce qui fait notre force&nbsp;: ouverture, transparence, libre circulation des id\u00e9es et des opinons. Pour pr\u00e9server notre d\u00e9mocratie, il est donc indispensable de fixer des r\u00e8gles. Les plateformes ont ainsi une grande responsabilit\u00e9, et doivent garantir la protection de leurs utilisateurs, pour faire que l\u2019information fiable et la qualit\u00e9 d\u00e9lib\u00e9rative de l\u2019espace public passent avant les lois du march\u00e9. Le DSA est \u00e0 ce titre un outil puissant et doit \u00eatre davantage mobilis\u00e9 par les r\u00e9gulateurs nationaux et la Commission europ\u00e9enne.<\/p>\n\n\n\n<p class=\"wp-block-paragraph\"><strong>Face aux trois grandes tendances en ce qui concerne les INE gr\u00e2ce aux IA g\u00e9n\u00e9ratives &#8211; la sophistication, la dissimulation, et la diversification \u2013 comment les journalistes peuvent-ils s\u2019armer pour y faire face&nbsp;?&nbsp;<\/strong><\/p>\n\n\n\n<p class=\"wp-block-paragraph\"><strong>Anne-Sophie Dhiver <\/strong>I La compr\u00e9hension des m\u00e9canismes \u00e0 l\u2019\u0153uvre, des acteurs malveillants et des techniques employ\u00e9es est cl\u00e9. Il est donc crucial de se former en continu, par exemple via un programme comme Cyber For Good Media, car c\u2019est un domaine qui \u00e9volue tr\u00e8s rapidement. Et ne pas h\u00e9siter \u00e0 se tourner vers les services comp\u00e9tents, dont VIGINUM en cas de doute ou de question sur une INE.<\/p>\n\n\n\n<p class=\"wp-block-paragraph\"><strong>R\u00e9cemment a \u00e9t\u00e9 adopt\u00e9 par le G7 un cadre commun sur&nbsp;le&nbsp;\u201cmode op\u00e9ratoire informationnel\u201d (MOI)&nbsp;&#8211; initi\u00e9 par VIGINUM &#8211; afin de caract\u00e9riser et lutter contre la d\u00e9sinformation.&nbsp;Au-del\u00e0 de l\u2019adoption d\u2019une m\u00eame grammaire commune, comment&nbsp;construire une&nbsp;coop\u00e9ration europ\u00e9enne&nbsp;face \u00e0 la d\u00e9sinformation&nbsp;dans le cyberespace&nbsp;?&nbsp;<\/strong><\/p>\n\n\n\n<p class=\"wp-block-paragraph\"><strong>Anne-Sophie Dhiver <\/strong>I Un autre axe de travail prioritaire pour VIGINUM est le renforcement des capacit\u00e9s op\u00e9rationnelles des partenaires europ\u00e9ens.<br>VIGINUM contribue d\u2019ores et d\u00e9j\u00e0 au renforcement des capacit\u00e9s de ses partenaires, \u00e0 travers le d\u00e9veloppement d\u2019une offre de transfert de comp\u00e9tences. Cet accompagnement technique passe notamment par un partage de bonnes pratiques et d\u2019outils d\u2019investigation en sources ouvertes, centr\u00e9e sur le suivi des acteurs de la menace et de leurs infrastructures techniques.<\/p>\n\n\n\n<p class=\"wp-block-paragraph\"><strong>Si vous deviez vous adresser \u00e0 un journaliste et un citoyen quels sont les&nbsp;trois&nbsp;conseils que vous leur donneriez pour prot\u00e9ger le d\u00e9bat public&nbsp;et la fiabilit\u00e9 de l\u2019information&nbsp;dans les prochains mois&nbsp;?&nbsp;<\/strong><\/p>\n\n\n\n<p class=\"wp-block-paragraph\"><strong>Anne-Sophie Dhiver <\/strong>I Le fact-checking est utile mais il a ses limites pour atteindre et convaincre une large audience. S\u2019int\u00e9resser aussi aux vecteurs de diffusion et aux infrastructures derri\u00e8re les manipulations de l\u2019information est tr\u00e8s utile pour sortir d\u2019un d\u00e9bat binaire vrai\/faux et mieux comprendre les m\u00e9canismes \u00e0 l\u2019\u0153uvre.<\/p>\n\n\n\n<p class=\"wp-block-paragraph\">Bien s\u00fbr, faire attention \u00e0 ce qu\u2019on repartage, en croisant ses sources et en ne prenant pas pour argent comptant tout ce qui est diffus\u00e9 sur les r\u00e9seaux sociaux. C\u2019est d\u2019autant plus important de r\u00e9fl\u00e9chir \u00e0 la question de ce que l\u2019on partage que parfois, diffuser une information sur une INE qui n\u2019avait que peu de visibilit\u00e9 contribue \u00e0 la rendre visible et fait le jeu des acteurs \u00e9trangers qui en sont \u00e0 l\u2019origine. &nbsp;<\/p>\n\n\n\n<p class=\"wp-block-paragraph\">Enfin se poser la question de qui est derri\u00e8re une op\u00e9ration d\u2019INE, \u00e0 qui celle-ci profite, est utile pour prendre une distance critique et \u00e9viter de surr\u00e9agir.<\/p>\n","protected":false},"excerpt":{"rendered":"<p>Que sont les ing\u00e9rences num\u00e9riques&nbsp;\u00e9trang\u00e8res&nbsp;(INE)&nbsp;et \u00e0 partir de quand le sujet est devenu une priorit\u00e9 de l\u2019Etat fran\u00e7ais&nbsp;? Anne-Sophie Dhiver I Volet num\u00e9rique de la manipulation de l\u2019information, l\u2019ing\u00e9rence num\u00e9rique&#8230;<\/p>\n","protected":false},"author":2,"featured_media":3229,"comment_status":"closed","ping_status":"closed","sticky":false,"template":"","format":"standard","meta":{"_acf_changed":false,"footnotes":""},"categories":[8],"tags":[],"class_list":["post-3217","post","type-post","status-publish","format-standard","has-post-thumbnail","hentry","category-media"],"acf":[],"yoast_head":"<!-- This site is optimized with the Yoast SEO plugin v28.3 - https:\/\/yoast.com\/product\/yoast-seo-wordpress\/ -->\n<title>Anne-Sophie Dhiver : \u00ab L&#039;objectif des ing\u00e9rences num\u00e9riques \u00e9trang\u00e8res est de nous diviser \u00bb - Cyber for Good<\/title>\n<meta name=\"robots\" content=\"index, follow, max-snippet:-1, max-image-preview:large, max-video-preview:-1\" \/>\n<link rel=\"canonical\" href=\"https:\/\/cyberforgood.org\/fr\/anne-sophie-dhiver-lobjectif-des-ingerences-numeriques-etrangeres-est-de-nous-diviser\/\" \/>\n<meta property=\"og:locale\" content=\"fr_FR\" \/>\n<meta property=\"og:type\" content=\"article\" \/>\n<meta property=\"og:title\" content=\"Anne-Sophie Dhiver : \u00ab L&#039;objectif des ing\u00e9rences num\u00e9riques \u00e9trang\u00e8res est de nous diviser \u00bb - Cyber for Good\" \/>\n<meta property=\"og:description\" content=\"Que sont les ing\u00e9rences num\u00e9riques&nbsp;\u00e9trang\u00e8res&nbsp;(INE)&nbsp;et \u00e0 partir de quand le sujet est devenu une priorit\u00e9 de l\u2019Etat fran\u00e7ais&nbsp;? Anne-Sophie Dhiver I Volet num\u00e9rique de la manipulation de l\u2019information, l\u2019ing\u00e9rence num\u00e9rique...\" \/>\n<meta property=\"og:url\" content=\"https:\/\/cyberforgood.org\/fr\/anne-sophie-dhiver-lobjectif-des-ingerences-numeriques-etrangeres-est-de-nous-diviser\/\" \/>\n<meta property=\"og:site_name\" content=\"Cyber for Good\" \/>\n<meta property=\"article:published_time\" content=\"2026-09-01T13:29:17+00:00\" \/>\n<meta property=\"article:modified_time\" content=\"2026-09-01T13:29:19+00:00\" \/>\n<meta property=\"og:image\" content=\"https:\/\/cyberforgood.org\/wp-content\/uploads\/2026\/09\/3.png\" \/>\n\t<meta property=\"og:image:width\" content=\"600\" \/>\n\t<meta property=\"og:image:height\" content=\"600\" \/>\n\t<meta property=\"og:image:type\" content=\"image\/png\" \/>\n<meta name=\"author\" content=\"giulio.zucchini@advens.fr\" \/>\n<meta name=\"twitter:card\" content=\"summary_large_image\" \/>\n<meta name=\"twitter:label1\" content=\"\u00c9crit par\" \/>\n\t<meta name=\"twitter:data1\" content=\"giulio.zucchini@advens.fr\" \/>\n\t<meta name=\"twitter:label2\" content=\"Dur\u00e9e de lecture estim\u00e9e\" \/>\n\t<meta name=\"twitter:data2\" content=\"10 minutes\" \/>\n<script type=\"application\/ld+json\" class=\"yoast-schema-graph\">{\"@context\":\"https:\\\/\\\/schema.org\",\"@graph\":[{\"@type\":\"Article\",\"@id\":\"https:\\\/\\\/cyberforgood.org\\\/fr\\\/anne-sophie-dhiver-lobjectif-des-ingerences-numeriques-etrangeres-est-de-nous-diviser\\\/#article\",\"isPartOf\":{\"@id\":\"https:\\\/\\\/cyberforgood.org\\\/fr\\\/anne-sophie-dhiver-lobjectif-des-ingerences-numeriques-etrangeres-est-de-nous-diviser\\\/\"},\"author\":{\"name\":\"giulio.zucchini@advens.fr\",\"@id\":\"https:\\\/\\\/cyberforgood.org\\\/fr\\\/#\\\/schema\\\/person\\\/7c594c7c2a58e8f7bb3d6ff0451fa01e\"},\"headline\":\"Anne-Sophie Dhiver : \u00ab L&rsquo;objectif des ing\u00e9rences num\u00e9riques \u00e9trang\u00e8res est de nous diviser \u00bb\",\"datePublished\":\"2026-09-01T13:29:17+00:00\",\"dateModified\":\"2026-09-01T13:29:19+00:00\",\"mainEntityOfPage\":{\"@id\":\"https:\\\/\\\/cyberforgood.org\\\/fr\\\/anne-sophie-dhiver-lobjectif-des-ingerences-numeriques-etrangeres-est-de-nous-diviser\\\/\"},\"wordCount\":2325,\"publisher\":{\"@id\":\"https:\\\/\\\/cyberforgood.org\\\/fr\\\/#organization\"},\"image\":{\"@id\":\"https:\\\/\\\/cyberforgood.org\\\/fr\\\/anne-sophie-dhiver-lobjectif-des-ingerences-numeriques-etrangeres-est-de-nous-diviser\\\/#primaryimage\"},\"thumbnailUrl\":\"https:\\\/\\\/cyberforgood.org\\\/wp-content\\\/uploads\\\/2026\\\/09\\\/3.png\",\"articleSection\":[\"M\u00e9dia\"],\"inLanguage\":\"fr-FR\"},{\"@type\":\"WebPage\",\"@id\":\"https:\\\/\\\/cyberforgood.org\\\/fr\\\/anne-sophie-dhiver-lobjectif-des-ingerences-numeriques-etrangeres-est-de-nous-diviser\\\/\",\"url\":\"https:\\\/\\\/cyberforgood.org\\\/fr\\\/anne-sophie-dhiver-lobjectif-des-ingerences-numeriques-etrangeres-est-de-nous-diviser\\\/\",\"name\":\"Anne-Sophie Dhiver : \u00ab L'objectif des ing\u00e9rences num\u00e9riques \u00e9trang\u00e8res est de nous diviser \u00bb - Cyber for Good\",\"isPartOf\":{\"@id\":\"https:\\\/\\\/cyberforgood.org\\\/fr\\\/#website\"},\"primaryImageOfPage\":{\"@id\":\"https:\\\/\\\/cyberforgood.org\\\/fr\\\/anne-sophie-dhiver-lobjectif-des-ingerences-numeriques-etrangeres-est-de-nous-diviser\\\/#primaryimage\"},\"image\":{\"@id\":\"https:\\\/\\\/cyberforgood.org\\\/fr\\\/anne-sophie-dhiver-lobjectif-des-ingerences-numeriques-etrangeres-est-de-nous-diviser\\\/#primaryimage\"},\"thumbnailUrl\":\"https:\\\/\\\/cyberforgood.org\\\/wp-content\\\/uploads\\\/2026\\\/09\\\/3.png\",\"datePublished\":\"2026-09-01T13:29:17+00:00\",\"dateModified\":\"2026-09-01T13:29:19+00:00\",\"breadcrumb\":{\"@id\":\"https:\\\/\\\/cyberforgood.org\\\/fr\\\/anne-sophie-dhiver-lobjectif-des-ingerences-numeriques-etrangeres-est-de-nous-diviser\\\/#breadcrumb\"},\"inLanguage\":\"fr-FR\",\"potentialAction\":[{\"@type\":\"ReadAction\",\"target\":[\"https:\\\/\\\/cyberforgood.org\\\/fr\\\/anne-sophie-dhiver-lobjectif-des-ingerences-numeriques-etrangeres-est-de-nous-diviser\\\/\"]}]},{\"@type\":\"ImageObject\",\"inLanguage\":\"fr-FR\",\"@id\":\"https:\\\/\\\/cyberforgood.org\\\/fr\\\/anne-sophie-dhiver-lobjectif-des-ingerences-numeriques-etrangeres-est-de-nous-diviser\\\/#primaryimage\",\"url\":\"https:\\\/\\\/cyberforgood.org\\\/wp-content\\\/uploads\\\/2026\\\/09\\\/3.png\",\"contentUrl\":\"https:\\\/\\\/cyberforgood.org\\\/wp-content\\\/uploads\\\/2026\\\/09\\\/3.png\",\"width\":600,\"height\":600},{\"@type\":\"BreadcrumbList\",\"@id\":\"https:\\\/\\\/cyberforgood.org\\\/fr\\\/anne-sophie-dhiver-lobjectif-des-ingerences-numeriques-etrangeres-est-de-nous-diviser\\\/#breadcrumb\",\"itemListElement\":[{\"@type\":\"ListItem\",\"position\":1,\"name\":\"Accueil\",\"item\":\"https:\\\/\\\/cyberforgood.org\\\/fr\\\/\"},{\"@type\":\"ListItem\",\"position\":2,\"name\":\"Anne-Sophie Dhiver : \u00ab L&rsquo;objectif des ing\u00e9rences num\u00e9riques \u00e9trang\u00e8res est de nous diviser \u00bb\"}]},{\"@type\":\"WebSite\",\"@id\":\"https:\\\/\\\/cyberforgood.org\\\/fr\\\/#website\",\"url\":\"https:\\\/\\\/cyberforgood.org\\\/fr\\\/\",\"name\":\"Cyber for Good\",\"description\":\"\",\"publisher\":{\"@id\":\"https:\\\/\\\/cyberforgood.org\\\/fr\\\/#organization\"},\"potentialAction\":[{\"@type\":\"SearchAction\",\"target\":{\"@type\":\"EntryPoint\",\"urlTemplate\":\"https:\\\/\\\/cyberforgood.org\\\/fr\\\/?s={search_term_string}\"},\"query-input\":{\"@type\":\"PropertyValueSpecification\",\"valueRequired\":true,\"valueName\":\"search_term_string\"}}],\"inLanguage\":\"fr-FR\"},{\"@type\":\"Organization\",\"@id\":\"https:\\\/\\\/cyberforgood.org\\\/fr\\\/#organization\",\"name\":\"Cyber for Good\",\"url\":\"https:\\\/\\\/cyberforgood.org\\\/fr\\\/\",\"logo\":{\"@type\":\"ImageObject\",\"inLanguage\":\"fr-FR\",\"@id\":\"https:\\\/\\\/cyberforgood.org\\\/fr\\\/#\\\/schema\\\/logo\\\/image\\\/\",\"url\":\"https:\\\/\\\/cyberforgood.org\\\/wp-content\\\/uploads\\\/2025\\\/09\\\/Logo-CFG.svg\",\"contentUrl\":\"https:\\\/\\\/cyberforgood.org\\\/wp-content\\\/uploads\\\/2025\\\/09\\\/Logo-CFG.svg\",\"caption\":\"Cyber for Good\"},\"image\":{\"@id\":\"https:\\\/\\\/cyberforgood.org\\\/fr\\\/#\\\/schema\\\/logo\\\/image\\\/\"}},{\"@type\":\"Person\",\"@id\":\"https:\\\/\\\/cyberforgood.org\\\/fr\\\/#\\\/schema\\\/person\\\/7c594c7c2a58e8f7bb3d6ff0451fa01e\",\"name\":\"giulio.zucchini@advens.fr\",\"image\":{\"@type\":\"ImageObject\",\"inLanguage\":\"fr-FR\",\"@id\":\"https:\\\/\\\/secure.gravatar.com\\\/avatar\\\/f030c14e0c58bff1f6c43f811c4167b60a3dee41bb698c31eb16139c20ffc9bd?s=96&d=mm&r=g\",\"url\":\"https:\\\/\\\/secure.gravatar.com\\\/avatar\\\/f030c14e0c58bff1f6c43f811c4167b60a3dee41bb698c31eb16139c20ffc9bd?s=96&d=mm&r=g\",\"contentUrl\":\"https:\\\/\\\/secure.gravatar.com\\\/avatar\\\/f030c14e0c58bff1f6c43f811c4167b60a3dee41bb698c31eb16139c20ffc9bd?s=96&d=mm&r=g\",\"caption\":\"giulio.zucchini@advens.fr\"},\"url\":\"https:\\\/\\\/cyberforgood.org\\\/fr\\\/author\\\/giulio-zucchiniadvens-fr\\\/\"}]}<\/script>\n<!-- \/ Yoast SEO plugin. -->","yoast_head_json":{"title":"Anne-Sophie Dhiver : \u00ab L'objectif des ing\u00e9rences num\u00e9riques \u00e9trang\u00e8res est de nous diviser \u00bb - Cyber for Good","robots":{"index":"index","follow":"follow","max-snippet":"max-snippet:-1","max-image-preview":"max-image-preview:large","max-video-preview":"max-video-preview:-1"},"canonical":"https:\/\/cyberforgood.org\/fr\/anne-sophie-dhiver-lobjectif-des-ingerences-numeriques-etrangeres-est-de-nous-diviser\/","og_locale":"fr_FR","og_type":"article","og_title":"Anne-Sophie Dhiver : \u00ab L'objectif des ing\u00e9rences num\u00e9riques \u00e9trang\u00e8res est de nous diviser \u00bb - Cyber for Good","og_description":"Que sont les ing\u00e9rences num\u00e9riques&nbsp;\u00e9trang\u00e8res&nbsp;(INE)&nbsp;et \u00e0 partir de quand le sujet est devenu une priorit\u00e9 de l\u2019Etat fran\u00e7ais&nbsp;? Anne-Sophie Dhiver I Volet num\u00e9rique de la manipulation de l\u2019information, l\u2019ing\u00e9rence num\u00e9rique...","og_url":"https:\/\/cyberforgood.org\/fr\/anne-sophie-dhiver-lobjectif-des-ingerences-numeriques-etrangeres-est-de-nous-diviser\/","og_site_name":"Cyber for Good","article_published_time":"2026-09-01T13:29:17+00:00","article_modified_time":"2026-09-01T13:29:19+00:00","og_image":[{"width":600,"height":600,"url":"https:\/\/cyberforgood.org\/wp-content\/uploads\/2026\/09\/3.png","type":"image\/png"}],"author":"giulio.zucchini@advens.fr","twitter_card":"summary_large_image","twitter_misc":{"\u00c9crit par":"giulio.zucchini@advens.fr","Dur\u00e9e de lecture estim\u00e9e":"10 minutes"},"schema":{"@context":"https:\/\/schema.org","@graph":[{"@type":"Article","@id":"https:\/\/cyberforgood.org\/fr\/anne-sophie-dhiver-lobjectif-des-ingerences-numeriques-etrangeres-est-de-nous-diviser\/#article","isPartOf":{"@id":"https:\/\/cyberforgood.org\/fr\/anne-sophie-dhiver-lobjectif-des-ingerences-numeriques-etrangeres-est-de-nous-diviser\/"},"author":{"name":"giulio.zucchini@advens.fr","@id":"https:\/\/cyberforgood.org\/fr\/#\/schema\/person\/7c594c7c2a58e8f7bb3d6ff0451fa01e"},"headline":"Anne-Sophie Dhiver : \u00ab L&rsquo;objectif des ing\u00e9rences num\u00e9riques \u00e9trang\u00e8res est de nous diviser \u00bb","datePublished":"2026-09-01T13:29:17+00:00","dateModified":"2026-09-01T13:29:19+00:00","mainEntityOfPage":{"@id":"https:\/\/cyberforgood.org\/fr\/anne-sophie-dhiver-lobjectif-des-ingerences-numeriques-etrangeres-est-de-nous-diviser\/"},"wordCount":2325,"publisher":{"@id":"https:\/\/cyberforgood.org\/fr\/#organization"},"image":{"@id":"https:\/\/cyberforgood.org\/fr\/anne-sophie-dhiver-lobjectif-des-ingerences-numeriques-etrangeres-est-de-nous-diviser\/#primaryimage"},"thumbnailUrl":"https:\/\/cyberforgood.org\/wp-content\/uploads\/2026\/09\/3.png","articleSection":["M\u00e9dia"],"inLanguage":"fr-FR"},{"@type":"WebPage","@id":"https:\/\/cyberforgood.org\/fr\/anne-sophie-dhiver-lobjectif-des-ingerences-numeriques-etrangeres-est-de-nous-diviser\/","url":"https:\/\/cyberforgood.org\/fr\/anne-sophie-dhiver-lobjectif-des-ingerences-numeriques-etrangeres-est-de-nous-diviser\/","name":"Anne-Sophie Dhiver : \u00ab L'objectif des ing\u00e9rences num\u00e9riques \u00e9trang\u00e8res est de nous diviser \u00bb - Cyber for Good","isPartOf":{"@id":"https:\/\/cyberforgood.org\/fr\/#website"},"primaryImageOfPage":{"@id":"https:\/\/cyberforgood.org\/fr\/anne-sophie-dhiver-lobjectif-des-ingerences-numeriques-etrangeres-est-de-nous-diviser\/#primaryimage"},"image":{"@id":"https:\/\/cyberforgood.org\/fr\/anne-sophie-dhiver-lobjectif-des-ingerences-numeriques-etrangeres-est-de-nous-diviser\/#primaryimage"},"thumbnailUrl":"https:\/\/cyberforgood.org\/wp-content\/uploads\/2026\/09\/3.png","datePublished":"2026-09-01T13:29:17+00:00","dateModified":"2026-09-01T13:29:19+00:00","breadcrumb":{"@id":"https:\/\/cyberforgood.org\/fr\/anne-sophie-dhiver-lobjectif-des-ingerences-numeriques-etrangeres-est-de-nous-diviser\/#breadcrumb"},"inLanguage":"fr-FR","potentialAction":[{"@type":"ReadAction","target":["https:\/\/cyberforgood.org\/fr\/anne-sophie-dhiver-lobjectif-des-ingerences-numeriques-etrangeres-est-de-nous-diviser\/"]}]},{"@type":"ImageObject","inLanguage":"fr-FR","@id":"https:\/\/cyberforgood.org\/fr\/anne-sophie-dhiver-lobjectif-des-ingerences-numeriques-etrangeres-est-de-nous-diviser\/#primaryimage","url":"https:\/\/cyberforgood.org\/wp-content\/uploads\/2026\/09\/3.png","contentUrl":"https:\/\/cyberforgood.org\/wp-content\/uploads\/2026\/09\/3.png","width":600,"height":600},{"@type":"BreadcrumbList","@id":"https:\/\/cyberforgood.org\/fr\/anne-sophie-dhiver-lobjectif-des-ingerences-numeriques-etrangeres-est-de-nous-diviser\/#breadcrumb","itemListElement":[{"@type":"ListItem","position":1,"name":"Accueil","item":"https:\/\/cyberforgood.org\/fr\/"},{"@type":"ListItem","position":2,"name":"Anne-Sophie Dhiver : \u00ab L&rsquo;objectif des ing\u00e9rences num\u00e9riques \u00e9trang\u00e8res est de nous diviser \u00bb"}]},{"@type":"WebSite","@id":"https:\/\/cyberforgood.org\/fr\/#website","url":"https:\/\/cyberforgood.org\/fr\/","name":"Cyber for Good","description":"","publisher":{"@id":"https:\/\/cyberforgood.org\/fr\/#organization"},"potentialAction":[{"@type":"SearchAction","target":{"@type":"EntryPoint","urlTemplate":"https:\/\/cyberforgood.org\/fr\/?s={search_term_string}"},"query-input":{"@type":"PropertyValueSpecification","valueRequired":true,"valueName":"search_term_string"}}],"inLanguage":"fr-FR"},{"@type":"Organization","@id":"https:\/\/cyberforgood.org\/fr\/#organization","name":"Cyber for Good","url":"https:\/\/cyberforgood.org\/fr\/","logo":{"@type":"ImageObject","inLanguage":"fr-FR","@id":"https:\/\/cyberforgood.org\/fr\/#\/schema\/logo\/image\/","url":"https:\/\/cyberforgood.org\/wp-content\/uploads\/2025\/09\/Logo-CFG.svg","contentUrl":"https:\/\/cyberforgood.org\/wp-content\/uploads\/2025\/09\/Logo-CFG.svg","caption":"Cyber for Good"},"image":{"@id":"https:\/\/cyberforgood.org\/fr\/#\/schema\/logo\/image\/"}},{"@type":"Person","@id":"https:\/\/cyberforgood.org\/fr\/#\/schema\/person\/7c594c7c2a58e8f7bb3d6ff0451fa01e","name":"giulio.zucchini@advens.fr","image":{"@type":"ImageObject","inLanguage":"fr-FR","@id":"https:\/\/secure.gravatar.com\/avatar\/f030c14e0c58bff1f6c43f811c4167b60a3dee41bb698c31eb16139c20ffc9bd?s=96&d=mm&r=g","url":"https:\/\/secure.gravatar.com\/avatar\/f030c14e0c58bff1f6c43f811c4167b60a3dee41bb698c31eb16139c20ffc9bd?s=96&d=mm&r=g","contentUrl":"https:\/\/secure.gravatar.com\/avatar\/f030c14e0c58bff1f6c43f811c4167b60a3dee41bb698c31eb16139c20ffc9bd?s=96&d=mm&r=g","caption":"giulio.zucchini@advens.fr"},"url":"https:\/\/cyberforgood.org\/fr\/author\/giulio-zucchiniadvens-fr\/"}]}},"_links":{"self":[{"href":"https:\/\/cyberforgood.org\/fr\/wp-json\/wp\/v2\/posts\/3217","targetHints":{"allow":["GET"]}}],"collection":[{"href":"https:\/\/cyberforgood.org\/fr\/wp-json\/wp\/v2\/posts"}],"about":[{"href":"https:\/\/cyberforgood.org\/fr\/wp-json\/wp\/v2\/types\/post"}],"author":[{"embeddable":true,"href":"https:\/\/cyberforgood.org\/fr\/wp-json\/wp\/v2\/users\/2"}],"replies":[{"embeddable":true,"href":"https:\/\/cyberforgood.org\/fr\/wp-json\/wp\/v2\/comments?post=3217"}],"version-history":[{"count":11,"href":"https:\/\/cyberforgood.org\/fr\/wp-json\/wp\/v2\/posts\/3217\/revisions"}],"predecessor-version":[{"id":3237,"href":"https:\/\/cyberforgood.org\/fr\/wp-json\/wp\/v2\/posts\/3217\/revisions\/3237"}],"wp:featuredmedia":[{"embeddable":true,"href":"https:\/\/cyberforgood.org\/fr\/wp-json\/wp\/v2\/media\/3229"}],"wp:attachment":[{"href":"https:\/\/cyberforgood.org\/fr\/wp-json\/wp\/v2\/media?parent=3217"}],"wp:term":[{"taxonomy":"category","embeddable":true,"href":"https:\/\/cyberforgood.org\/fr\/wp-json\/wp\/v2\/categories?post=3217"},{"taxonomy":"post_tag","embeddable":true,"href":"https:\/\/cyberforgood.org\/fr\/wp-json\/wp\/v2\/tags?post=3217"}],"curies":[{"name":"wp","href":"https:\/\/api.w.org\/{rel}","templated":true}]}}