{"id":1282,"date":"2025-12-08T15:00:52","date_gmt":"2025-12-08T14:00:52","guid":{"rendered":"https:\/\/cyberforgood.org\/?p=1282"},"modified":"2025-12-08T15:00:54","modified_gmt":"2025-12-08T14:00:54","slug":"camille-grenier-innovation-regulation-democratie-desinformation-journalisme","status":"publish","type":"post","link":"https:\/\/cyberforgood.org\/fr\/camille-grenier-innovation-regulation-democratie-desinformation-journalisme\/","title":{"rendered":"Camille Grenier\u00a0: \u00ab\u00a0Il n\u2019y aura pas d\u2019innovation sans r\u00e9gulation \u00bb"},"content":{"rendered":"\n<p><strong>Depuis la cr\u00e9ation du Forum sur l\u2019Information et la D\u00e9mocratie, quelles sont les dynamiques globales que vous constatez quant \u00e0 l&rsquo;\u00e9tat des menaces cyber qui p\u00e8sent sur l&rsquo;espace informationnel et les journalistes ?&nbsp;<\/strong><\/p>\n\n\n\n<p><strong>Camille Grenier<\/strong>\u00a0I Depuis les d\u00e9buts du Forum, il y a eu des scandales d&rsquo;\u00e9coute de journalistes \u2013 tel l\u2019affaire Pegasus \u2013 et des cas de surveillance massive sur des messageries priv\u00e9es. N\u00e9anmoins, pendant quelques ann\u00e9es on a eu le sentiment qu&rsquo;on pouvait b\u00e2tir des choses. Il y avait du progr\u00e8s. L&rsquo;Europe a d\u2019ailleurs \u00e9t\u00e9 tr\u00e8s leader avec le DSA et le DMA (<em>ndr, Le\u00a0Digital Services Act et le Digital Markets Act sont deux r\u00e8glements europ\u00e9ens visant respectivement \u00e0 r\u00e9guler et encadrer les plateformes du num\u00e9rique pour favoriser la comp\u00e9titivit\u00e9 du March\u00e9 Unique tout en prot\u00e9geant les droits fondamentaux des utilisateurs<\/em>). Aujourd\u2019hui, avec l&rsquo;alliance entre l&rsquo;extr\u00eame droite et les Big Techs dans certains pays se joue une guerre pour lutter contre toutes tentatives de r\u00e9gulation, de lutte contre la d\u00e9sinformation ou encore contre le cyber harc\u00e8lement. L\u2019ann\u00e9e 2025 a ainsi \u00e9t\u00e9 marqu\u00e9e par une sorte de retour en arri\u00e8re par rapport aux progr\u00e8s r\u00e9alis\u00e9s depuis 2019.\u00a0\u00a0\u00a0\u00a0\u00a0\u00a0\u00a0\u00a0\u00a0\u00a0\u00a0\u00a0\u00a0\u00a0\u00a0\u00a0\u00a0\u00a0\u00a0\u00a0\u00a0<\/p>\n\n\n\n<p><strong>Est-ce que les journalistes sont suffisamment outill\u00e9s en mati\u00e8re cyber ?&nbsp;<\/strong><\/p>\n\n\n\n<p><strong>Camille Grenier<\/strong>&nbsp;I Je pense qu\u2019il y a une prise de conscience. Il y a trente ou quarante ans, la s\u00e9curit\u00e9 des journalistes concernait davantage leur protection en zone de guerre ou de conflits arm\u00e9s. Aujourd\u2019hui, la cybers\u00e9curit\u00e9 fait partie int\u00e9grante des discussions et des formations d\u00e9di\u00e9es \u00e0 la communaut\u00e9 journalistique. Les risques cyber auxquels elle fait face sont multiformes. Il y a les cyberattaques, la cybersurveillance, et le cyberharc\u00e8lement qui touche d\u2019ailleurs beaucoup les femmes journalistes. Pour aider les journalistes, nous devons donc \u00e0 la fois travailler avec les plateformes et les accompagner pour \u00e9viter ces situations.&nbsp;<\/p>\n\n\n\n<p><strong>Est-ce qu&rsquo;Internet et les r\u00e9seaux sociaux repr\u00e9sentent encore des alli\u00e9s de la d\u00e9mocratie et de la libert\u00e9 d&rsquo;information alors qu&rsquo;il y a une privatisation croissante de ces acteurs&nbsp;?&nbsp;&nbsp;<\/strong><\/p>\n\n\n\n<p><strong>Camille Grenier<\/strong>&nbsp;I Une partie de la r\u00e9ponse est oui. Le travail des journalistes est plus simple avec Google, Wikip\u00e9dia et des chatbots bien entra\u00een\u00e9s. Une autre partie de la r\u00e9ponse est plut\u00f4t non et concerne la privatisation de l&rsquo;espace public. Internet ce n\u2019est pas seulement Google, M\u00e9ta et Amazon&nbsp;: d&rsquo;autres choses existent. N\u00e9anmoins, la plupart des utilisateurs n&rsquo;utilisent que quelques plateformes.&nbsp;<\/p>\n\n\n\n<blockquote class=\"wp-block-quote is-layout-flow wp-block-quote-is-layout-flow\">\n<p><strong>Les mensonges, la d\u00e9sinformation, voyagent plus rapidement sur ces plateformes que les faits.<\/strong><em>\u00a0<\/em><\/p>\n<\/blockquote>\n\n\n\n<p>Une \u00e9tude du MIT publi\u00e9e dans <em>Science<\/em> d\u00e9j\u00e0 en 2018 montre que la d\u00e9sinformation circule six fois plus vite sur Twitter (<em>source : Vosoughi, S., Roy, D., &amp; Aral, S. (2018). <a href=\"https:\/\/www.jstor.org\/stable\/26401644\">The spread of true and false news online<\/a> &#8211;\u00a0Science<\/em>). Pourquoi\u00a0? Les contenus extr\u00e9mistes et confirmant nos biais sont plus susceptibles d\u2019attirer notre attention. Ces technologies peuvent donc \u00eatre des alli\u00e9s du journalisme, mais aujourd&rsquo;hui elles ne favorisent pas l\u2019acc\u00e8s \u00e0 une information fiable.<\/p>\n\n\n\n<p><strong>Comment l&rsquo;Europe peut-elle mettre en place des l\u00e9gislations qui puissent vraiment \u00eatre des contre pouvoirs aux g\u00e9ants de la tech ?&nbsp;<\/strong><\/p>\n\n\n\n<p><strong>Camille Grenier<\/strong>\u00a0I Il y a eu une prise de conscience \u00e0 la fois au niveau europ\u00e9en et au niveau des \u00c9tats. Il faut une s\u00e9rie de principes pour r\u00e9guler les espaces num\u00e9riques, comme le DSA en Europe et la loi SREN en France. Il est n\u00e9cessaire d&rsquo;assurer la mise en \u0153uvre de ces textes, notamment sur la transparence et l&rsquo;acc\u00e8s aux donn\u00e9es. Or, on r\u00e9alise toujours le niveau des menaces trop tard. Il fallait traverser l\u2019\u00e9pid\u00e9mie du COVID pour que certains comprennent le danger de la d\u00e9sinformation. Ensuite, nous avons v\u00e9cu la guerre d\u2019agression russe en Ukraine pour saisir notre probl\u00e8me avec RT et Spoutnik. Plus r\u00e9cemment, il nous a fallu Elon Musk \u00e0 la Maison Blanche pour r\u00e9aliser qu\u2019il m\u00e8ne une guerre id\u00e9ologique avec X. Au Forum sur l\u2019Information et la D\u00e9mocratie, nous construisons une vision plus proactive o\u00f9 les plateformes doivent respecter ces r\u00e8gles pour structurer le d\u00e9bat public en France et en Europe.\u00a0<\/p>\n\n\n\n<p><strong>Faut-il repenser le mod\u00e8le \u00e9conomique pour renforcer l\u2019int\u00e9grit\u00e9 de l\u2019information, le pluralisme et la d\u00e9mocratie ? Votre proposition de&nbsp;taxe digitale&nbsp;pour financer le journalisme est-elle viable ?<\/strong><\/p>\n\n\n\n<p><strong>Camille Grenier<\/strong>&nbsp;I La taxe est une mesure particuli\u00e8re pour r\u00e9pondre \u00e0 un probl\u00e8me structurel. N\u00e9anmoins, elle redistribuerait une partie des revenus de ces entreprises aux journalistes et aux m\u00e9dias, en les obligeant \u00e0 partager la valeur qu\u2019elles tirent des contenus journalistiques. Il y a d\u00e9j\u00e0 eu plusieurs exemples en Australie, au Canada avec la loi sur le \u00ab&nbsp;Bargaining code&nbsp;\u00bb. Cela a fonctionn\u00e9 pendant deux ans, jusqu&rsquo;au changement d&rsquo;administration aux \u00c9tats-Unis. Cet enjeu de r\u00e9silience du journalisme ne r\u00e9sout cependant pas l\u2019enjeu de la distribution de l&rsquo;information. Il faut aussi des m\u00e9canismes assurant la promotion de la fiabilit\u00e9 de l&rsquo;information, tel la \u00ab&nbsp;&nbsp;Journalism Trust Initiative&nbsp;\u00bb. En 2019, ces plateformes expliquaient qu\u2019il n\u2019\u00e9tait techniquement pas possible de promouvoir l&rsquo;information fiable. Durant le COVID-19, Twitter a pourtant mis en place un onglet \u00ab&nbsp;Resource Center&nbsp;\u00bb comprenant des sources journalistiques et gouvernementales. Cela n\u2019\u00e9tait pas parfait puisque les deux \u00e9taient confondues mais cela montre que valoriser l\u2019information fiable est techniquement possible et que la r\u00e9gulation doit l\u2019imposer.&nbsp;<\/p>\n\n\n\n<p><strong>Au-del\u00e0 du volet l\u00e9gislatif, faudrait-il cr\u00e9er des plateformes europ\u00e9ennes ou est-ce d\u00e9j\u00e0 trop tard ?&nbsp;<\/strong><\/p>\n\n\n\n<p><strong>Camille Grenier<\/strong>&nbsp;I Les m\u00e9dias traditionnels ont aussi une part de responsabilit\u00e9. Cinq millions de personnes \u00e9coutent la matinale de France Inter chaque matin, ce n\u2019est pas rien&nbsp;! Face aux campagnes de d\u00e9sinformation sur les m\u00e9dias, les journalistes doivent chercher la confiance des citoyens et garantir l\u2019int\u00e9grit\u00e9 de l\u2019information. Par ailleurs, il y a eu de nombreuses tentatives d\u2019alternatives \u00e9thiques \u00e0 Facebook. N\u00e9anmoins, c\u2019est tr\u00e8s difficile pour deux raisons. D&rsquo;une part, en raison de l&rsquo;effet de r\u00e9seau. Par exemple, il y a eu un relatif transfert des utilisateurs sur Bluesky et Mastodon, mais beaucoup de choses continuent de se passer sur X. Pour agr\u00e9ger autant d\u2019utilisateurs, il faudrait les moyens de la Chine avec TikTok. L\u2019enjeu central concerne les pratiques anticoncurrentielles des entreprises. Quand Facebook rach\u00e8te Instagram, il met de c\u00f4t\u00e9 un concurrent potentiel. Or cela est n\u00e9faste. Philippe Aghion, Prix Nobel d&rsquo;\u00e9conomie 2025, montre que l&rsquo;\u00c9tat doit \u00eatre garant de la bonne concurrence afin de favoriser les dynamiques d&rsquo;innovations et de destructions cr\u00e9atrices. Aujourd&rsquo;hui trois ou quatre grandes entreprises ont un quasi-monopole mondial sur la recherche en ligne et les r\u00e9seaux sociaux.&nbsp;<\/p>\n\n\n\n<p><strong>Il n\u2019y aura pas d&rsquo;innovation et de nouveaux entrants sans cadres de r\u00e9gulation.\u00a0<\/strong><\/p>\n\n\n\n<p><strong>Camille Grenier<\/strong> I Il y a l\u00e0 une opportunit\u00e9 pour l&rsquo;Union Europ\u00e9enne de cr\u00e9er des entreprises qui int\u00e9greraient d\u00e8s la conception &#8211; by design &#8211; des r\u00e9gulations tel le DSA.\u00a0\u00a0<\/p>\n","protected":false},"excerpt":{"rendered":"<p>Depuis la cr\u00e9ation du Forum sur l\u2019Information et la D\u00e9mocratie, quelles sont les dynamiques globales que vous constatez quant \u00e0 l&rsquo;\u00e9tat des menaces cyber qui p\u00e8sent sur l&rsquo;espace informationnel et&#8230;<\/p>\n","protected":false},"author":2,"featured_media":1283,"comment_status":"closed","ping_status":"closed","sticky":false,"template":"","format":"standard","meta":{"_acf_changed":false,"footnotes":""},"categories":[8],"tags":[14],"class_list":["post-1282","post","type-post","status-publish","format-standard","has-post-thumbnail","hentry","category-media","tag-interview"],"acf":[],"yoast_head":"<!-- This site is optimized with the Yoast SEO plugin v27.5 - https:\/\/yoast.com\/product\/yoast-seo-wordpress\/ -->\n<title>Camille Grenier\u00a0: \u00ab\u00a0Il n\u2019y aura pas d\u2019innovation sans r\u00e9gulation \u00bb - Cyber for Good<\/title>\n<meta name=\"description\" content=\"Camille Grenier, innovation, r\u00e9gulation, d\u00e9mocratie, d\u00e9sinformation, journalisme, forum\" \/>\n<meta name=\"robots\" content=\"index, follow, max-snippet:-1, max-image-preview:large, max-video-preview:-1\" \/>\n<link rel=\"canonical\" href=\"https:\/\/cyberforgood.org\/fr\/camille-grenier-innovation-regulation-democratie-desinformation-journalisme\/\" \/>\n<meta property=\"og:locale\" content=\"fr_FR\" \/>\n<meta property=\"og:type\" content=\"article\" \/>\n<meta property=\"og:title\" content=\"Camille Grenier\u00a0: \u00ab\u00a0Il n\u2019y aura pas d\u2019innovation sans r\u00e9gulation \u00bb - Cyber for Good\" \/>\n<meta property=\"og:description\" content=\"Camille Grenier, innovation, r\u00e9gulation, d\u00e9mocratie, d\u00e9sinformation, journalisme, forum\" \/>\n<meta property=\"og:url\" content=\"https:\/\/cyberforgood.org\/fr\/camille-grenier-innovation-regulation-democratie-desinformation-journalisme\/\" \/>\n<meta property=\"og:site_name\" content=\"Cyber for Good\" \/>\n<meta property=\"article:published_time\" content=\"2025-12-08T14:00:52+00:00\" \/>\n<meta property=\"article:modified_time\" content=\"2025-12-08T14:00:54+00:00\" \/>\n<meta property=\"og:image\" content=\"https:\/\/cyberforgood.org\/wp-content\/uploads\/2025\/12\/camille-grenier.png\" \/>\n\t<meta property=\"og:image:width\" content=\"330\" \/>\n\t<meta property=\"og:image:height\" content=\"400\" \/>\n\t<meta property=\"og:image:type\" content=\"image\/png\" \/>\n<meta name=\"author\" content=\"giulio.zucchini@advens.fr\" \/>\n<meta name=\"twitter:card\" content=\"summary_large_image\" \/>\n<meta name=\"twitter:label1\" content=\"\u00c9crit par\" \/>\n\t<meta name=\"twitter:data1\" content=\"giulio.zucchini@advens.fr\" \/>\n\t<meta name=\"twitter:label2\" content=\"Dur\u00e9e de lecture estim\u00e9e\" \/>\n\t<meta name=\"twitter:data2\" content=\"6 minutes\" \/>\n<script type=\"application\/ld+json\" class=\"yoast-schema-graph\">{\"@context\":\"https:\\\/\\\/schema.org\",\"@graph\":[{\"@type\":\"Article\",\"@id\":\"https:\\\/\\\/cyberforgood.org\\\/fr\\\/camille-grenier-innovation-regulation-democratie-desinformation-journalisme\\\/#article\",\"isPartOf\":{\"@id\":\"https:\\\/\\\/cyberforgood.org\\\/fr\\\/camille-grenier-innovation-regulation-democratie-desinformation-journalisme\\\/\"},\"author\":{\"name\":\"giulio.zucchini@advens.fr\",\"@id\":\"https:\\\/\\\/cyberforgood.org\\\/fr\\\/#\\\/schema\\\/person\\\/7c594c7c2a58e8f7bb3d6ff0451fa01e\"},\"headline\":\"Camille Grenier\u00a0: \u00ab\u00a0Il n\u2019y aura pas d\u2019innovation sans r\u00e9gulation \u00bb\",\"datePublished\":\"2025-12-08T14:00:52+00:00\",\"dateModified\":\"2025-12-08T14:00:54+00:00\",\"mainEntityOfPage\":{\"@id\":\"https:\\\/\\\/cyberforgood.org\\\/fr\\\/camille-grenier-innovation-regulation-democratie-desinformation-journalisme\\\/\"},\"wordCount\":1273,\"publisher\":{\"@id\":\"https:\\\/\\\/cyberforgood.org\\\/fr\\\/#organization\"},\"image\":{\"@id\":\"https:\\\/\\\/cyberforgood.org\\\/fr\\\/camille-grenier-innovation-regulation-democratie-desinformation-journalisme\\\/#primaryimage\"},\"thumbnailUrl\":\"https:\\\/\\\/cyberforgood.org\\\/wp-content\\\/uploads\\\/2025\\\/12\\\/camille-grenier.png\",\"keywords\":[\"Interview\"],\"articleSection\":[\"M\u00e9dia\"],\"inLanguage\":\"fr-FR\"},{\"@type\":\"WebPage\",\"@id\":\"https:\\\/\\\/cyberforgood.org\\\/fr\\\/camille-grenier-innovation-regulation-democratie-desinformation-journalisme\\\/\",\"url\":\"https:\\\/\\\/cyberforgood.org\\\/fr\\\/camille-grenier-innovation-regulation-democratie-desinformation-journalisme\\\/\",\"name\":\"Camille Grenier\u00a0: \u00ab\u00a0Il n\u2019y aura pas d\u2019innovation sans r\u00e9gulation \u00bb - Cyber for Good\",\"isPartOf\":{\"@id\":\"https:\\\/\\\/cyberforgood.org\\\/fr\\\/#website\"},\"primaryImageOfPage\":{\"@id\":\"https:\\\/\\\/cyberforgood.org\\\/fr\\\/camille-grenier-innovation-regulation-democratie-desinformation-journalisme\\\/#primaryimage\"},\"image\":{\"@id\":\"https:\\\/\\\/cyberforgood.org\\\/fr\\\/camille-grenier-innovation-regulation-democratie-desinformation-journalisme\\\/#primaryimage\"},\"thumbnailUrl\":\"https:\\\/\\\/cyberforgood.org\\\/wp-content\\\/uploads\\\/2025\\\/12\\\/camille-grenier.png\",\"datePublished\":\"2025-12-08T14:00:52+00:00\",\"dateModified\":\"2025-12-08T14:00:54+00:00\",\"description\":\"Camille Grenier, innovation, r\u00e9gulation, d\u00e9mocratie, d\u00e9sinformation, journalisme, forum\",\"breadcrumb\":{\"@id\":\"https:\\\/\\\/cyberforgood.org\\\/fr\\\/camille-grenier-innovation-regulation-democratie-desinformation-journalisme\\\/#breadcrumb\"},\"inLanguage\":\"fr-FR\",\"potentialAction\":[{\"@type\":\"ReadAction\",\"target\":[\"https:\\\/\\\/cyberforgood.org\\\/fr\\\/camille-grenier-innovation-regulation-democratie-desinformation-journalisme\\\/\"]}]},{\"@type\":\"ImageObject\",\"inLanguage\":\"fr-FR\",\"@id\":\"https:\\\/\\\/cyberforgood.org\\\/fr\\\/camille-grenier-innovation-regulation-democratie-desinformation-journalisme\\\/#primaryimage\",\"url\":\"https:\\\/\\\/cyberforgood.org\\\/wp-content\\\/uploads\\\/2025\\\/12\\\/camille-grenier.png\",\"contentUrl\":\"https:\\\/\\\/cyberforgood.org\\\/wp-content\\\/uploads\\\/2025\\\/12\\\/camille-grenier.png\",\"width\":330,\"height\":400},{\"@type\":\"BreadcrumbList\",\"@id\":\"https:\\\/\\\/cyberforgood.org\\\/fr\\\/camille-grenier-innovation-regulation-democratie-desinformation-journalisme\\\/#breadcrumb\",\"itemListElement\":[{\"@type\":\"ListItem\",\"position\":1,\"name\":\"Accueil\",\"item\":\"https:\\\/\\\/cyberforgood.org\\\/fr\\\/\"},{\"@type\":\"ListItem\",\"position\":2,\"name\":\"Camille Grenier\u00a0: \u00ab\u00a0Il n\u2019y aura pas d\u2019innovation sans r\u00e9gulation \u00bb\"}]},{\"@type\":\"WebSite\",\"@id\":\"https:\\\/\\\/cyberforgood.org\\\/fr\\\/#website\",\"url\":\"https:\\\/\\\/cyberforgood.org\\\/fr\\\/\",\"name\":\"Cyber for Good\",\"description\":\"\",\"publisher\":{\"@id\":\"https:\\\/\\\/cyberforgood.org\\\/fr\\\/#organization\"},\"potentialAction\":[{\"@type\":\"SearchAction\",\"target\":{\"@type\":\"EntryPoint\",\"urlTemplate\":\"https:\\\/\\\/cyberforgood.org\\\/fr\\\/?s={search_term_string}\"},\"query-input\":{\"@type\":\"PropertyValueSpecification\",\"valueRequired\":true,\"valueName\":\"search_term_string\"}}],\"inLanguage\":\"fr-FR\"},{\"@type\":\"Organization\",\"@id\":\"https:\\\/\\\/cyberforgood.org\\\/fr\\\/#organization\",\"name\":\"Cyber for Good\",\"url\":\"https:\\\/\\\/cyberforgood.org\\\/fr\\\/\",\"logo\":{\"@type\":\"ImageObject\",\"inLanguage\":\"fr-FR\",\"@id\":\"https:\\\/\\\/cyberforgood.org\\\/fr\\\/#\\\/schema\\\/logo\\\/image\\\/\",\"url\":\"https:\\\/\\\/cyberforgood.org\\\/wp-content\\\/uploads\\\/2025\\\/09\\\/Logo-CFG.svg\",\"contentUrl\":\"https:\\\/\\\/cyberforgood.org\\\/wp-content\\\/uploads\\\/2025\\\/09\\\/Logo-CFG.svg\",\"caption\":\"Cyber for Good\"},\"image\":{\"@id\":\"https:\\\/\\\/cyberforgood.org\\\/fr\\\/#\\\/schema\\\/logo\\\/image\\\/\"}},{\"@type\":\"Person\",\"@id\":\"https:\\\/\\\/cyberforgood.org\\\/fr\\\/#\\\/schema\\\/person\\\/7c594c7c2a58e8f7bb3d6ff0451fa01e\",\"name\":\"giulio.zucchini@advens.fr\",\"image\":{\"@type\":\"ImageObject\",\"inLanguage\":\"fr-FR\",\"@id\":\"https:\\\/\\\/secure.gravatar.com\\\/avatar\\\/f030c14e0c58bff1f6c43f811c4167b60a3dee41bb698c31eb16139c20ffc9bd?s=96&d=mm&r=g\",\"url\":\"https:\\\/\\\/secure.gravatar.com\\\/avatar\\\/f030c14e0c58bff1f6c43f811c4167b60a3dee41bb698c31eb16139c20ffc9bd?s=96&d=mm&r=g\",\"contentUrl\":\"https:\\\/\\\/secure.gravatar.com\\\/avatar\\\/f030c14e0c58bff1f6c43f811c4167b60a3dee41bb698c31eb16139c20ffc9bd?s=96&d=mm&r=g\",\"caption\":\"giulio.zucchini@advens.fr\"},\"url\":\"https:\\\/\\\/cyberforgood.org\\\/fr\\\/author\\\/giulio-zucchiniadvens-fr\\\/\"}]}<\/script>\n<!-- \/ Yoast SEO plugin. -->","yoast_head_json":{"title":"Camille Grenier\u00a0: \u00ab\u00a0Il n\u2019y aura pas d\u2019innovation sans r\u00e9gulation \u00bb - Cyber for Good","description":"Camille Grenier, innovation, r\u00e9gulation, d\u00e9mocratie, d\u00e9sinformation, journalisme, forum","robots":{"index":"index","follow":"follow","max-snippet":"max-snippet:-1","max-image-preview":"max-image-preview:large","max-video-preview":"max-video-preview:-1"},"canonical":"https:\/\/cyberforgood.org\/fr\/camille-grenier-innovation-regulation-democratie-desinformation-journalisme\/","og_locale":"fr_FR","og_type":"article","og_title":"Camille Grenier\u00a0: \u00ab\u00a0Il n\u2019y aura pas d\u2019innovation sans r\u00e9gulation \u00bb - Cyber for Good","og_description":"Camille Grenier, innovation, r\u00e9gulation, d\u00e9mocratie, d\u00e9sinformation, journalisme, forum","og_url":"https:\/\/cyberforgood.org\/fr\/camille-grenier-innovation-regulation-democratie-desinformation-journalisme\/","og_site_name":"Cyber for Good","article_published_time":"2025-12-08T14:00:52+00:00","article_modified_time":"2025-12-08T14:00:54+00:00","og_image":[{"width":330,"height":400,"url":"https:\/\/cyberforgood.org\/wp-content\/uploads\/2025\/12\/camille-grenier.png","type":"image\/png"}],"author":"giulio.zucchini@advens.fr","twitter_card":"summary_large_image","twitter_misc":{"\u00c9crit par":"giulio.zucchini@advens.fr","Dur\u00e9e de lecture estim\u00e9e":"6 minutes"},"schema":{"@context":"https:\/\/schema.org","@graph":[{"@type":"Article","@id":"https:\/\/cyberforgood.org\/fr\/camille-grenier-innovation-regulation-democratie-desinformation-journalisme\/#article","isPartOf":{"@id":"https:\/\/cyberforgood.org\/fr\/camille-grenier-innovation-regulation-democratie-desinformation-journalisme\/"},"author":{"name":"giulio.zucchini@advens.fr","@id":"https:\/\/cyberforgood.org\/fr\/#\/schema\/person\/7c594c7c2a58e8f7bb3d6ff0451fa01e"},"headline":"Camille Grenier\u00a0: \u00ab\u00a0Il n\u2019y aura pas d\u2019innovation sans r\u00e9gulation \u00bb","datePublished":"2025-12-08T14:00:52+00:00","dateModified":"2025-12-08T14:00:54+00:00","mainEntityOfPage":{"@id":"https:\/\/cyberforgood.org\/fr\/camille-grenier-innovation-regulation-democratie-desinformation-journalisme\/"},"wordCount":1273,"publisher":{"@id":"https:\/\/cyberforgood.org\/fr\/#organization"},"image":{"@id":"https:\/\/cyberforgood.org\/fr\/camille-grenier-innovation-regulation-democratie-desinformation-journalisme\/#primaryimage"},"thumbnailUrl":"https:\/\/cyberforgood.org\/wp-content\/uploads\/2025\/12\/camille-grenier.png","keywords":["Interview"],"articleSection":["M\u00e9dia"],"inLanguage":"fr-FR"},{"@type":"WebPage","@id":"https:\/\/cyberforgood.org\/fr\/camille-grenier-innovation-regulation-democratie-desinformation-journalisme\/","url":"https:\/\/cyberforgood.org\/fr\/camille-grenier-innovation-regulation-democratie-desinformation-journalisme\/","name":"Camille Grenier\u00a0: \u00ab\u00a0Il n\u2019y aura pas d\u2019innovation sans r\u00e9gulation \u00bb - Cyber for Good","isPartOf":{"@id":"https:\/\/cyberforgood.org\/fr\/#website"},"primaryImageOfPage":{"@id":"https:\/\/cyberforgood.org\/fr\/camille-grenier-innovation-regulation-democratie-desinformation-journalisme\/#primaryimage"},"image":{"@id":"https:\/\/cyberforgood.org\/fr\/camille-grenier-innovation-regulation-democratie-desinformation-journalisme\/#primaryimage"},"thumbnailUrl":"https:\/\/cyberforgood.org\/wp-content\/uploads\/2025\/12\/camille-grenier.png","datePublished":"2025-12-08T14:00:52+00:00","dateModified":"2025-12-08T14:00:54+00:00","description":"Camille Grenier, innovation, r\u00e9gulation, d\u00e9mocratie, d\u00e9sinformation, journalisme, forum","breadcrumb":{"@id":"https:\/\/cyberforgood.org\/fr\/camille-grenier-innovation-regulation-democratie-desinformation-journalisme\/#breadcrumb"},"inLanguage":"fr-FR","potentialAction":[{"@type":"ReadAction","target":["https:\/\/cyberforgood.org\/fr\/camille-grenier-innovation-regulation-democratie-desinformation-journalisme\/"]}]},{"@type":"ImageObject","inLanguage":"fr-FR","@id":"https:\/\/cyberforgood.org\/fr\/camille-grenier-innovation-regulation-democratie-desinformation-journalisme\/#primaryimage","url":"https:\/\/cyberforgood.org\/wp-content\/uploads\/2025\/12\/camille-grenier.png","contentUrl":"https:\/\/cyberforgood.org\/wp-content\/uploads\/2025\/12\/camille-grenier.png","width":330,"height":400},{"@type":"BreadcrumbList","@id":"https:\/\/cyberforgood.org\/fr\/camille-grenier-innovation-regulation-democratie-desinformation-journalisme\/#breadcrumb","itemListElement":[{"@type":"ListItem","position":1,"name":"Accueil","item":"https:\/\/cyberforgood.org\/fr\/"},{"@type":"ListItem","position":2,"name":"Camille Grenier\u00a0: \u00ab\u00a0Il n\u2019y aura pas d\u2019innovation sans r\u00e9gulation \u00bb"}]},{"@type":"WebSite","@id":"https:\/\/cyberforgood.org\/fr\/#website","url":"https:\/\/cyberforgood.org\/fr\/","name":"Cyber for Good","description":"","publisher":{"@id":"https:\/\/cyberforgood.org\/fr\/#organization"},"potentialAction":[{"@type":"SearchAction","target":{"@type":"EntryPoint","urlTemplate":"https:\/\/cyberforgood.org\/fr\/?s={search_term_string}"},"query-input":{"@type":"PropertyValueSpecification","valueRequired":true,"valueName":"search_term_string"}}],"inLanguage":"fr-FR"},{"@type":"Organization","@id":"https:\/\/cyberforgood.org\/fr\/#organization","name":"Cyber for Good","url":"https:\/\/cyberforgood.org\/fr\/","logo":{"@type":"ImageObject","inLanguage":"fr-FR","@id":"https:\/\/cyberforgood.org\/fr\/#\/schema\/logo\/image\/","url":"https:\/\/cyberforgood.org\/wp-content\/uploads\/2025\/09\/Logo-CFG.svg","contentUrl":"https:\/\/cyberforgood.org\/wp-content\/uploads\/2025\/09\/Logo-CFG.svg","caption":"Cyber for Good"},"image":{"@id":"https:\/\/cyberforgood.org\/fr\/#\/schema\/logo\/image\/"}},{"@type":"Person","@id":"https:\/\/cyberforgood.org\/fr\/#\/schema\/person\/7c594c7c2a58e8f7bb3d6ff0451fa01e","name":"giulio.zucchini@advens.fr","image":{"@type":"ImageObject","inLanguage":"fr-FR","@id":"https:\/\/secure.gravatar.com\/avatar\/f030c14e0c58bff1f6c43f811c4167b60a3dee41bb698c31eb16139c20ffc9bd?s=96&d=mm&r=g","url":"https:\/\/secure.gravatar.com\/avatar\/f030c14e0c58bff1f6c43f811c4167b60a3dee41bb698c31eb16139c20ffc9bd?s=96&d=mm&r=g","contentUrl":"https:\/\/secure.gravatar.com\/avatar\/f030c14e0c58bff1f6c43f811c4167b60a3dee41bb698c31eb16139c20ffc9bd?s=96&d=mm&r=g","caption":"giulio.zucchini@advens.fr"},"url":"https:\/\/cyberforgood.org\/fr\/author\/giulio-zucchiniadvens-fr\/"}]}},"_links":{"self":[{"href":"https:\/\/cyberforgood.org\/fr\/wp-json\/wp\/v2\/posts\/1282","targetHints":{"allow":["GET"]}}],"collection":[{"href":"https:\/\/cyberforgood.org\/fr\/wp-json\/wp\/v2\/posts"}],"about":[{"href":"https:\/\/cyberforgood.org\/fr\/wp-json\/wp\/v2\/types\/post"}],"author":[{"embeddable":true,"href":"https:\/\/cyberforgood.org\/fr\/wp-json\/wp\/v2\/users\/2"}],"replies":[{"embeddable":true,"href":"https:\/\/cyberforgood.org\/fr\/wp-json\/wp\/v2\/comments?post=1282"}],"version-history":[{"count":1,"href":"https:\/\/cyberforgood.org\/fr\/wp-json\/wp\/v2\/posts\/1282\/revisions"}],"predecessor-version":[{"id":1284,"href":"https:\/\/cyberforgood.org\/fr\/wp-json\/wp\/v2\/posts\/1282\/revisions\/1284"}],"wp:featuredmedia":[{"embeddable":true,"href":"https:\/\/cyberforgood.org\/fr\/wp-json\/wp\/v2\/media\/1283"}],"wp:attachment":[{"href":"https:\/\/cyberforgood.org\/fr\/wp-json\/wp\/v2\/media?parent=1282"}],"wp:term":[{"taxonomy":"category","embeddable":true,"href":"https:\/\/cyberforgood.org\/fr\/wp-json\/wp\/v2\/categories?post=1282"},{"taxonomy":"post_tag","embeddable":true,"href":"https:\/\/cyberforgood.org\/fr\/wp-json\/wp\/v2\/tags?post=1282"}],"curies":[{"name":"wp","href":"https:\/\/api.w.org\/{rel}","templated":true}]}}