{"id":1277,"date":"2025-12-01T18:19:28","date_gmt":"2025-12-01T17:19:28","guid":{"rendered":"https:\/\/cyberforgood.org\/?p=1277"},"modified":"2025-12-02T14:55:58","modified_gmt":"2025-12-02T13:55:58","slug":"amine-baba-aissa-la-lune-de-miel-avec-le-numerique-est-terminee","status":"publish","type":"post","link":"https:\/\/cyberforgood.org\/fr\/amine-baba-aissa-la-lune-de-miel-avec-le-numerique-est-terminee\/","title":{"rendered":"Amine Baba Aissa : \u00ab La lune de miel avec le num\u00e9rique est termin\u00e9e \u00bb"},"content":{"rendered":"\n<p><strong>Comment d\u00e9finiriez-vous la cyberguerre ?<\/strong><\/p>\n\n\n\n<p><strong>Amine Baba Aissa <\/strong>I Le terme Cyberguerre est \u00a0est souvent remis en cause, car certaines personnes rappellent que la guerre fait des morts, tandis qu&rsquo;un virus informatique ne fait pas de morts, jusqu&rsquo;\u00e0 preuve du contraire. Je pense que le terme est pertinent, surtout dans la question du combat territorial. Le cyber est un espace num\u00e9rique o\u00f9 il y a des conflits et o\u00f9 des forces s&rsquo;opposent pour contr\u00f4ler le plus possible cet espace. C&rsquo;est dans ce contexte que l&rsquo;on peut parler de cyberguerre. C&rsquo;est aussi un terme qui est accrocheur et qui porte une notion d&rsquo;alerte. Pour les journalistes, il y a eu une phase de \u00ab\u00a0lune de miel\u00a0\u00bb avec le num\u00e9rique, o\u00f9 les r\u00e9seaux sociaux \u00e9taient vus comme des plateformes d&rsquo;expression, comme par exemple en Tunisie pendant le Printemps arabe. Or, on se rend compte que cet espace n&rsquo;est pas toujours utilis\u00e9 \u00e0 des fins d\u00e9mocratiques et que tout n&rsquo;est pas rose.<\/p>\n\n\n\n<p>Du fait de cette prise de conscience, se posent aussi des questions de souverainet\u00e9. A titre d\u2019illustration nous pouvons mentionner la d\u00e9pendance de la France par rapport aux outils principalement am\u00e9ricains et aussi chinois. Aussi une panne d&rsquo;Amazon Web Service a r\u00e9cemment mis \u00e0 mal une bonne partie de l&rsquo;\u00e9conomie num\u00e9rique fran\u00e7aise. Il y a des travaux en cours sur la souverainet\u00e9 num\u00e9rique, ce qui est une dynamique int\u00e9ressante, mais sa r\u00e9alisation concr\u00e8te repr\u00e9sente un gros travail. Le num\u00e9rique prend une telle place dans notre \u00e9conomie et nos vies quotidiennes que la question se pose forc\u00e9ment : peut-on d\u00e9pendre de technologies qui ne nous appartiennent pas ?<\/p>\n\n\n\n<p><strong>Quand est-ce que cette prise de conscience a eu lieu? De m\u00eame, quand a eu lieu la fin d\u2019une vision \u201crose\u201d du monde cyber?<\/strong><\/p>\n\n\n\n<p><strong>Amine Baba Aissa <\/strong>I On voit \u00e0 quel point le cyberespace, la cybers\u00e9curit\u00e9 et la g\u00e9opolitique sont li\u00e9s. Ces enjeux sont apparus depuis que les relations entre le bloc europ\u00e9en et les \u00c9tats-Unis sont devenues plus subtiles. Depuis le retour de Donald Trump notamment, on observe beaucoup plus d&rsquo;initiatives pour que l&rsquo;\u00e9conomie europ\u00e9enne d\u00e9pende moins des outils am\u00e9ricains. Cependant, le travail de souverainet\u00e9 num\u00e9rique n&rsquo;a pas commenc\u00e9 avec le retour de Donald Trump, mais bien avant. Par exemple, on a compris qu&rsquo;il \u00e9tait impossible d&rsquo;avoir une d\u00e9pendance pour un projet militaire majeur comme le Scaf (syst\u00e8me de combat a\u00e9rien du futur), et cette logique s&rsquo;applique aussi \u00e0 l&rsquo;ensemble de l&rsquo;\u00e9conomie.<\/p>\n\n\n\n<p><strong>Dans cette cyberguerre, quelles sont les menaces sp\u00e9cifiques auxquelles sont plus expos\u00e9s les journalistes et les m\u00e9dias, en particulier les petites structures ?<\/strong><\/p>\n\n\n\n<p><strong>Amine Baba Aissa <\/strong>I Il y a des menaces g\u00e9n\u00e9rales qui visent plus sp\u00e9cifiquement les journalistes. Ils sont des cibles prioritaires pour les groupes APT (<em>Advanced Persistent Threats<\/em> ou Menace Persistante Avanc\u00e9e, groupes souvent financ\u00e9s par des \u00c9tats). Dans l&rsquo;immense majorit\u00e9 des cas, un groupe APT ne va pas \u00eatre sponsoris\u00e9 par un Etat pour aller viser n&rsquo;importe qui dans un pays donn\u00e9. Il va viser des cibles prioritaires et ces cibles, les journalistes en font partie. Les journalistes poss\u00e8dent des informations sensibles dans leurs appareils et donc <em>de facto<\/em>, ils deviennent des cibles prioritaires pour ces groupes. La bo\u00eete mail d&rsquo;un journaliste n&rsquo;a pas la m\u00eame valeur pour ces groupes APT que celle de n&rsquo;importe qui.<\/p>\n\n\n\n<blockquote class=\"wp-block-quote is-layout-flow wp-block-quote-is-layout-flow\">\n<p>\u201cLes journalistes doivent surtout \u00e9valuer leur risque et prendre conscience qu\u2019ils sont des cibles privil\u00e9gi\u00e9es.\u201d<\/p>\n<\/blockquote>\n\n\n\n<p>Ces attaques ne sont pas de simples mails d&rsquo;hame\u00e7onnage (phishing) de base ; elles peuvent prendre la forme de mails tr\u00e8s pouss\u00e9s ou de longues discussions pour \u00e9tablir la confiance. Il y a \u00e9galement les logiciels espions, comme Pegasus. Ces attaques sont tellement sophistiqu\u00e9es qu&rsquo;un journaliste ne peut pas y faire grand-chose pour \u00e9viter l&rsquo;infection, car ce sont souvent des attaques \u00ab\u00a0z\u00e9ro clic\u00a0\u00bb, o\u00f9 le t\u00e9l\u00e9phone peut \u00eatre infect\u00e9 sans aucune manipulation de l&rsquo;utilisateur. Les journalistes doivent surtout \u00e9valuer leur risque et prendre conscience qu&rsquo;ils sont des cibles privil\u00e9gi\u00e9es, car ils ont la mission de prot\u00e9ger leurs sources, ce qui int\u00e9resse fortement les groupes qui veulent espionner les communications. Il y a ainsi cette prise de conscience et l\u2019application de bonnes pratiques \u00e0 conna\u00eetre. De plus, l&rsquo;av\u00e8nement de l&rsquo;IA est une source d&rsquo;inqui\u00e9tude pour bon nombre de journalistes, m\u00eame si elle peut \u00eatre utile tant qu&rsquo;elle est utilis\u00e9e dans le respect de l&rsquo;\u00e9thique journalistique.<\/p>\n\n\n\n<p><strong>Concernant l&rsquo;aspect technique, vous \u00eates vous-m\u00eame pass\u00e9 par une formation en programmation. Comment peut-on r\u00e9ussir \u00e0 vulgariser ces connaissances tr\u00e8s techniques et parfois occultes ?<\/strong><\/p>\n\n\n\n<p><strong>Amine Baba Aissa <\/strong>I Ce qui est int\u00e9ressant dans la cybers\u00e9curit\u00e9, c&rsquo;est que cela tourne beaucoup autour de bonnes pratiques qui n&rsquo;ont pas besoin d&rsquo;une n\u00e9cessit\u00e9 technique ultra pouss\u00e9e. L&rsquo;objectif, c&rsquo;est que le lecteur lambda comprenne surtout la finalit\u00e9 de l&rsquo;attaque. Savoir qu&rsquo;un \u00ab\u00a0tampon m\u00e9moire a \u00e9t\u00e9 d\u00e9pass\u00e9\u00a0\u00bb n&rsquo;est pas tr\u00e8s int\u00e9ressant. Il faut savoir qu&rsquo;il y a eu une intrusion dans un appareil informatique et que l&rsquo;assaillant peut \u201c\u00e9lever ses privil\u00e8ges\u201d (c&rsquo;est-\u00e0-dire que le pirate essaie d\u2019\u00e9tendre son emprise sur d\u2019autres appareils ou ses acc\u00e8s dans l\u2019appareil). En tant que journaliste sp\u00e9cialis\u00e9, nous devons expliquer et d\u00e9mystifier ce c\u00f4t\u00e9-l\u00e0. Je cherche toujours \u00e0 ne pas effrayer le lecteur avec des \u00e9l\u00e9ments trop techniques dans mes titres. Par exemple, dire : \u00ab Des hackers sont parvenus \u00e0 p\u00e9n\u00e9trer la s\u00e9curit\u00e9 la plus avanc\u00e9e de Google Chrome \u00bb est plus parlant que d&rsquo;\u00e9noncer le nom de la faille, comme \u00ab CVE 2008 94 etc etc \u00bb, qui n&rsquo;est pas g\u00e9rable.<\/p>\n\n\n\n<p><strong>En parlant de d\u00e9mystification, vous insistez sur l&rsquo;ing\u00e9nierie sociale plut\u00f4t que sur la complexit\u00e9 technique&#8230;<\/strong><\/p>\n\n\n\n<p><strong>Amine Baba Aissa <\/strong>I Il arrive que les gens qui travaillent en cybers\u00e9curit\u00e9, y compris les hackers qui prennent part \u00e0 des campagnes d&rsquo;espionnage, soient des gens comme vous et moi. Il faut se d\u00e9barrasser de l&rsquo;image de \u00ab\u00a0Mister Robot\u00a0\u00bb sous capuche. Je peux prendre l&rsquo;exemple des hackers nord-cor\u00e9ens et de leur campagne appel\u00e9e les <em>IT workers<\/em>. Leur but est d&rsquo;infiltrer les plus grandes entreprises du monde (<em>Fortune 500<\/em>) en postulant \u00e0 des postes en t\u00e9l\u00e9travail (<em>full remote<\/em>). Ils d\u00e9tournent ensuite les salaires pour financer le r\u00e9gime de Pyongyang, mais surtout, ils prennent des informations \u00e0 travers des mails et des \u00e9changes. Techniquement, c&rsquo;est un <em>hacking<\/em> de base, mais ils ont trouv\u00e9 une faille dans l&rsquo;utilisation du t\u00e9l\u00e9travail. Souvent, les grandes campagnes de cyberespionnage sont dues \u00e0 des manipulations humaines, jouant sur l&rsquo;ing\u00e9nierie sociale.<\/p>\n\n\n\n<p><strong>Pour conclure, avez-vous une vision d&rsquo;avenir positive, ou au contraire voyez-vous d&rsquo;autres dangers \u00e9mergents ?<\/strong><\/p>\n\n\n\n<p><strong><strong>Amine Baba Aissa <\/strong><\/strong>I Je n&rsquo;ai pas de vision tranch\u00e9e sur est-ce que c&rsquo;est bon ou mauvais. Pour moi, le num\u00e9rique est un outil, et l&rsquo;important est que les journalistes gardent leur int\u00e9grit\u00e9. De nouveaux dangers \u00e9mergent, notamment dus \u00e0 l\u2019essor du journalisme entrepreneurial. Les journalistes montrent beaucoup plus leur t\u00eate et m\u00e9langent parfois vie priv\u00e9e et contenu journalistique sur les r\u00e9seaux sociaux, ce qui fait d&rsquo;eux des cibles beaucoup plus simples. On perd cette valeur de savoir o\u00f9 je suis ou qui sont mes amis, des informations que les cybermenaces collectent. Il faut apprendre en cybers\u00e9curit\u00e9 que nos outils pr\u00e9sentent des dangers et que cette lune de miel est termin\u00e9e. Il faut juste prendre conscience de ce que l&rsquo;on fait lorsque l&rsquo;on utilise ces outils.<\/p>\n","protected":false},"excerpt":{"rendered":"<p>Comment d\u00e9finiriez-vous la cyberguerre ? Amine Baba Aissa I Le terme Cyberguerre est \u00a0est souvent remis en cause, car certaines personnes rappellent que la guerre fait des morts, tandis qu&rsquo;un&#8230;<\/p>\n","protected":false},"author":2,"featured_media":1278,"comment_status":"closed","ping_status":"closed","sticky":false,"template":"","format":"standard","meta":{"_acf_changed":false,"footnotes":""},"categories":[8],"tags":[14],"class_list":["post-1277","post","type-post","status-publish","format-standard","has-post-thumbnail","hentry","category-media","tag-interview"],"acf":[],"yoast_head":"<!-- This site is optimized with the Yoast SEO plugin v27.5 - https:\/\/yoast.com\/product\/yoast-seo-wordpress\/ -->\n<title>Amine Baba Aissa : \u00ab La lune de miel avec le num\u00e9rique est termin\u00e9e \u00bb - Cyber for Good<\/title>\n<meta name=\"robots\" content=\"index, follow, max-snippet:-1, max-image-preview:large, max-video-preview:-1\" \/>\n<link rel=\"canonical\" href=\"https:\/\/cyberforgood.org\/fr\/amine-baba-aissa-la-lune-de-miel-avec-le-numerique-est-terminee\/\" \/>\n<meta property=\"og:locale\" content=\"fr_FR\" \/>\n<meta property=\"og:type\" content=\"article\" \/>\n<meta property=\"og:title\" content=\"Amine Baba Aissa : \u00ab La lune de miel avec le num\u00e9rique est termin\u00e9e \u00bb - Cyber for Good\" \/>\n<meta property=\"og:description\" content=\"Comment d\u00e9finiriez-vous la cyberguerre ? Amine Baba Aissa I Le terme Cyberguerre est \u00a0est souvent remis en cause, car certaines personnes rappellent que la guerre fait des morts, tandis qu&rsquo;un...\" \/>\n<meta property=\"og:url\" content=\"https:\/\/cyberforgood.org\/fr\/amine-baba-aissa-la-lune-de-miel-avec-le-numerique-est-terminee\/\" \/>\n<meta property=\"og:site_name\" content=\"Cyber for Good\" \/>\n<meta property=\"article:published_time\" content=\"2025-12-01T17:19:28+00:00\" \/>\n<meta property=\"article:modified_time\" content=\"2025-12-02T13:55:58+00:00\" \/>\n<meta property=\"og:image\" content=\"https:\/\/cyberforgood.org\/wp-content\/uploads\/2025\/12\/Open-Peeps-Avatar.png\" \/>\n\t<meta property=\"og:image:width\" content=\"342\" \/>\n\t<meta property=\"og:image:height\" content=\"400\" \/>\n\t<meta property=\"og:image:type\" content=\"image\/png\" \/>\n<meta name=\"author\" content=\"giulio.zucchini@advens.fr\" \/>\n<meta name=\"twitter:card\" content=\"summary_large_image\" \/>\n<meta name=\"twitter:label1\" content=\"\u00c9crit par\" \/>\n\t<meta name=\"twitter:data1\" content=\"giulio.zucchini@advens.fr\" \/>\n\t<meta name=\"twitter:label2\" content=\"Dur\u00e9e de lecture estim\u00e9e\" \/>\n\t<meta name=\"twitter:data2\" content=\"7 minutes\" \/>\n<script type=\"application\/ld+json\" class=\"yoast-schema-graph\">{\"@context\":\"https:\\\/\\\/schema.org\",\"@graph\":[{\"@type\":\"Article\",\"@id\":\"https:\\\/\\\/cyberforgood.org\\\/fr\\\/amine-baba-aissa-la-lune-de-miel-avec-le-numerique-est-terminee\\\/#article\",\"isPartOf\":{\"@id\":\"https:\\\/\\\/cyberforgood.org\\\/fr\\\/amine-baba-aissa-la-lune-de-miel-avec-le-numerique-est-terminee\\\/\"},\"author\":{\"name\":\"giulio.zucchini@advens.fr\",\"@id\":\"https:\\\/\\\/cyberforgood.org\\\/fr\\\/#\\\/schema\\\/person\\\/7c594c7c2a58e8f7bb3d6ff0451fa01e\"},\"headline\":\"Amine Baba Aissa : \u00ab La lune de miel avec le num\u00e9rique est termin\u00e9e \u00bb\",\"datePublished\":\"2025-12-01T17:19:28+00:00\",\"dateModified\":\"2025-12-02T13:55:58+00:00\",\"mainEntityOfPage\":{\"@id\":\"https:\\\/\\\/cyberforgood.org\\\/fr\\\/amine-baba-aissa-la-lune-de-miel-avec-le-numerique-est-terminee\\\/\"},\"wordCount\":1349,\"publisher\":{\"@id\":\"https:\\\/\\\/cyberforgood.org\\\/fr\\\/#organization\"},\"image\":{\"@id\":\"https:\\\/\\\/cyberforgood.org\\\/fr\\\/amine-baba-aissa-la-lune-de-miel-avec-le-numerique-est-terminee\\\/#primaryimage\"},\"thumbnailUrl\":\"https:\\\/\\\/cyberforgood.org\\\/wp-content\\\/uploads\\\/2025\\\/12\\\/Open-Peeps-Avatar.png\",\"keywords\":[\"Interview\"],\"articleSection\":[\"M\u00e9dia\"],\"inLanguage\":\"fr-FR\"},{\"@type\":\"WebPage\",\"@id\":\"https:\\\/\\\/cyberforgood.org\\\/fr\\\/amine-baba-aissa-la-lune-de-miel-avec-le-numerique-est-terminee\\\/\",\"url\":\"https:\\\/\\\/cyberforgood.org\\\/fr\\\/amine-baba-aissa-la-lune-de-miel-avec-le-numerique-est-terminee\\\/\",\"name\":\"Amine Baba Aissa : \u00ab La lune de miel avec le num\u00e9rique est termin\u00e9e \u00bb - Cyber for Good\",\"isPartOf\":{\"@id\":\"https:\\\/\\\/cyberforgood.org\\\/fr\\\/#website\"},\"primaryImageOfPage\":{\"@id\":\"https:\\\/\\\/cyberforgood.org\\\/fr\\\/amine-baba-aissa-la-lune-de-miel-avec-le-numerique-est-terminee\\\/#primaryimage\"},\"image\":{\"@id\":\"https:\\\/\\\/cyberforgood.org\\\/fr\\\/amine-baba-aissa-la-lune-de-miel-avec-le-numerique-est-terminee\\\/#primaryimage\"},\"thumbnailUrl\":\"https:\\\/\\\/cyberforgood.org\\\/wp-content\\\/uploads\\\/2025\\\/12\\\/Open-Peeps-Avatar.png\",\"datePublished\":\"2025-12-01T17:19:28+00:00\",\"dateModified\":\"2025-12-02T13:55:58+00:00\",\"breadcrumb\":{\"@id\":\"https:\\\/\\\/cyberforgood.org\\\/fr\\\/amine-baba-aissa-la-lune-de-miel-avec-le-numerique-est-terminee\\\/#breadcrumb\"},\"inLanguage\":\"fr-FR\",\"potentialAction\":[{\"@type\":\"ReadAction\",\"target\":[\"https:\\\/\\\/cyberforgood.org\\\/fr\\\/amine-baba-aissa-la-lune-de-miel-avec-le-numerique-est-terminee\\\/\"]}]},{\"@type\":\"ImageObject\",\"inLanguage\":\"fr-FR\",\"@id\":\"https:\\\/\\\/cyberforgood.org\\\/fr\\\/amine-baba-aissa-la-lune-de-miel-avec-le-numerique-est-terminee\\\/#primaryimage\",\"url\":\"https:\\\/\\\/cyberforgood.org\\\/wp-content\\\/uploads\\\/2025\\\/12\\\/Open-Peeps-Avatar.png\",\"contentUrl\":\"https:\\\/\\\/cyberforgood.org\\\/wp-content\\\/uploads\\\/2025\\\/12\\\/Open-Peeps-Avatar.png\",\"width\":342,\"height\":400},{\"@type\":\"BreadcrumbList\",\"@id\":\"https:\\\/\\\/cyberforgood.org\\\/fr\\\/amine-baba-aissa-la-lune-de-miel-avec-le-numerique-est-terminee\\\/#breadcrumb\",\"itemListElement\":[{\"@type\":\"ListItem\",\"position\":1,\"name\":\"Accueil\",\"item\":\"https:\\\/\\\/cyberforgood.org\\\/fr\\\/\"},{\"@type\":\"ListItem\",\"position\":2,\"name\":\"Amine Baba Aissa : \u00ab La lune de miel avec le num\u00e9rique est termin\u00e9e \u00bb\"}]},{\"@type\":\"WebSite\",\"@id\":\"https:\\\/\\\/cyberforgood.org\\\/fr\\\/#website\",\"url\":\"https:\\\/\\\/cyberforgood.org\\\/fr\\\/\",\"name\":\"Cyber for Good\",\"description\":\"\",\"publisher\":{\"@id\":\"https:\\\/\\\/cyberforgood.org\\\/fr\\\/#organization\"},\"potentialAction\":[{\"@type\":\"SearchAction\",\"target\":{\"@type\":\"EntryPoint\",\"urlTemplate\":\"https:\\\/\\\/cyberforgood.org\\\/fr\\\/?s={search_term_string}\"},\"query-input\":{\"@type\":\"PropertyValueSpecification\",\"valueRequired\":true,\"valueName\":\"search_term_string\"}}],\"inLanguage\":\"fr-FR\"},{\"@type\":\"Organization\",\"@id\":\"https:\\\/\\\/cyberforgood.org\\\/fr\\\/#organization\",\"name\":\"Cyber for Good\",\"url\":\"https:\\\/\\\/cyberforgood.org\\\/fr\\\/\",\"logo\":{\"@type\":\"ImageObject\",\"inLanguage\":\"fr-FR\",\"@id\":\"https:\\\/\\\/cyberforgood.org\\\/fr\\\/#\\\/schema\\\/logo\\\/image\\\/\",\"url\":\"https:\\\/\\\/cyberforgood.org\\\/wp-content\\\/uploads\\\/2025\\\/09\\\/Logo-CFG.svg\",\"contentUrl\":\"https:\\\/\\\/cyberforgood.org\\\/wp-content\\\/uploads\\\/2025\\\/09\\\/Logo-CFG.svg\",\"caption\":\"Cyber for Good\"},\"image\":{\"@id\":\"https:\\\/\\\/cyberforgood.org\\\/fr\\\/#\\\/schema\\\/logo\\\/image\\\/\"}},{\"@type\":\"Person\",\"@id\":\"https:\\\/\\\/cyberforgood.org\\\/fr\\\/#\\\/schema\\\/person\\\/7c594c7c2a58e8f7bb3d6ff0451fa01e\",\"name\":\"giulio.zucchini@advens.fr\",\"image\":{\"@type\":\"ImageObject\",\"inLanguage\":\"fr-FR\",\"@id\":\"https:\\\/\\\/secure.gravatar.com\\\/avatar\\\/f030c14e0c58bff1f6c43f811c4167b60a3dee41bb698c31eb16139c20ffc9bd?s=96&d=mm&r=g\",\"url\":\"https:\\\/\\\/secure.gravatar.com\\\/avatar\\\/f030c14e0c58bff1f6c43f811c4167b60a3dee41bb698c31eb16139c20ffc9bd?s=96&d=mm&r=g\",\"contentUrl\":\"https:\\\/\\\/secure.gravatar.com\\\/avatar\\\/f030c14e0c58bff1f6c43f811c4167b60a3dee41bb698c31eb16139c20ffc9bd?s=96&d=mm&r=g\",\"caption\":\"giulio.zucchini@advens.fr\"},\"url\":\"https:\\\/\\\/cyberforgood.org\\\/fr\\\/author\\\/giulio-zucchiniadvens-fr\\\/\"}]}<\/script>\n<!-- \/ Yoast SEO plugin. -->","yoast_head_json":{"title":"Amine Baba Aissa : \u00ab La lune de miel avec le num\u00e9rique est termin\u00e9e \u00bb - Cyber for Good","robots":{"index":"index","follow":"follow","max-snippet":"max-snippet:-1","max-image-preview":"max-image-preview:large","max-video-preview":"max-video-preview:-1"},"canonical":"https:\/\/cyberforgood.org\/fr\/amine-baba-aissa-la-lune-de-miel-avec-le-numerique-est-terminee\/","og_locale":"fr_FR","og_type":"article","og_title":"Amine Baba Aissa : \u00ab La lune de miel avec le num\u00e9rique est termin\u00e9e \u00bb - Cyber for Good","og_description":"Comment d\u00e9finiriez-vous la cyberguerre ? Amine Baba Aissa I Le terme Cyberguerre est \u00a0est souvent remis en cause, car certaines personnes rappellent que la guerre fait des morts, tandis qu&rsquo;un...","og_url":"https:\/\/cyberforgood.org\/fr\/amine-baba-aissa-la-lune-de-miel-avec-le-numerique-est-terminee\/","og_site_name":"Cyber for Good","article_published_time":"2025-12-01T17:19:28+00:00","article_modified_time":"2025-12-02T13:55:58+00:00","og_image":[{"width":342,"height":400,"url":"https:\/\/cyberforgood.org\/wp-content\/uploads\/2025\/12\/Open-Peeps-Avatar.png","type":"image\/png"}],"author":"giulio.zucchini@advens.fr","twitter_card":"summary_large_image","twitter_misc":{"\u00c9crit par":"giulio.zucchini@advens.fr","Dur\u00e9e de lecture estim\u00e9e":"7 minutes"},"schema":{"@context":"https:\/\/schema.org","@graph":[{"@type":"Article","@id":"https:\/\/cyberforgood.org\/fr\/amine-baba-aissa-la-lune-de-miel-avec-le-numerique-est-terminee\/#article","isPartOf":{"@id":"https:\/\/cyberforgood.org\/fr\/amine-baba-aissa-la-lune-de-miel-avec-le-numerique-est-terminee\/"},"author":{"name":"giulio.zucchini@advens.fr","@id":"https:\/\/cyberforgood.org\/fr\/#\/schema\/person\/7c594c7c2a58e8f7bb3d6ff0451fa01e"},"headline":"Amine Baba Aissa : \u00ab La lune de miel avec le num\u00e9rique est termin\u00e9e \u00bb","datePublished":"2025-12-01T17:19:28+00:00","dateModified":"2025-12-02T13:55:58+00:00","mainEntityOfPage":{"@id":"https:\/\/cyberforgood.org\/fr\/amine-baba-aissa-la-lune-de-miel-avec-le-numerique-est-terminee\/"},"wordCount":1349,"publisher":{"@id":"https:\/\/cyberforgood.org\/fr\/#organization"},"image":{"@id":"https:\/\/cyberforgood.org\/fr\/amine-baba-aissa-la-lune-de-miel-avec-le-numerique-est-terminee\/#primaryimage"},"thumbnailUrl":"https:\/\/cyberforgood.org\/wp-content\/uploads\/2025\/12\/Open-Peeps-Avatar.png","keywords":["Interview"],"articleSection":["M\u00e9dia"],"inLanguage":"fr-FR"},{"@type":"WebPage","@id":"https:\/\/cyberforgood.org\/fr\/amine-baba-aissa-la-lune-de-miel-avec-le-numerique-est-terminee\/","url":"https:\/\/cyberforgood.org\/fr\/amine-baba-aissa-la-lune-de-miel-avec-le-numerique-est-terminee\/","name":"Amine Baba Aissa : \u00ab La lune de miel avec le num\u00e9rique est termin\u00e9e \u00bb - Cyber for Good","isPartOf":{"@id":"https:\/\/cyberforgood.org\/fr\/#website"},"primaryImageOfPage":{"@id":"https:\/\/cyberforgood.org\/fr\/amine-baba-aissa-la-lune-de-miel-avec-le-numerique-est-terminee\/#primaryimage"},"image":{"@id":"https:\/\/cyberforgood.org\/fr\/amine-baba-aissa-la-lune-de-miel-avec-le-numerique-est-terminee\/#primaryimage"},"thumbnailUrl":"https:\/\/cyberforgood.org\/wp-content\/uploads\/2025\/12\/Open-Peeps-Avatar.png","datePublished":"2025-12-01T17:19:28+00:00","dateModified":"2025-12-02T13:55:58+00:00","breadcrumb":{"@id":"https:\/\/cyberforgood.org\/fr\/amine-baba-aissa-la-lune-de-miel-avec-le-numerique-est-terminee\/#breadcrumb"},"inLanguage":"fr-FR","potentialAction":[{"@type":"ReadAction","target":["https:\/\/cyberforgood.org\/fr\/amine-baba-aissa-la-lune-de-miel-avec-le-numerique-est-terminee\/"]}]},{"@type":"ImageObject","inLanguage":"fr-FR","@id":"https:\/\/cyberforgood.org\/fr\/amine-baba-aissa-la-lune-de-miel-avec-le-numerique-est-terminee\/#primaryimage","url":"https:\/\/cyberforgood.org\/wp-content\/uploads\/2025\/12\/Open-Peeps-Avatar.png","contentUrl":"https:\/\/cyberforgood.org\/wp-content\/uploads\/2025\/12\/Open-Peeps-Avatar.png","width":342,"height":400},{"@type":"BreadcrumbList","@id":"https:\/\/cyberforgood.org\/fr\/amine-baba-aissa-la-lune-de-miel-avec-le-numerique-est-terminee\/#breadcrumb","itemListElement":[{"@type":"ListItem","position":1,"name":"Accueil","item":"https:\/\/cyberforgood.org\/fr\/"},{"@type":"ListItem","position":2,"name":"Amine Baba Aissa : \u00ab La lune de miel avec le num\u00e9rique est termin\u00e9e \u00bb"}]},{"@type":"WebSite","@id":"https:\/\/cyberforgood.org\/fr\/#website","url":"https:\/\/cyberforgood.org\/fr\/","name":"Cyber for Good","description":"","publisher":{"@id":"https:\/\/cyberforgood.org\/fr\/#organization"},"potentialAction":[{"@type":"SearchAction","target":{"@type":"EntryPoint","urlTemplate":"https:\/\/cyberforgood.org\/fr\/?s={search_term_string}"},"query-input":{"@type":"PropertyValueSpecification","valueRequired":true,"valueName":"search_term_string"}}],"inLanguage":"fr-FR"},{"@type":"Organization","@id":"https:\/\/cyberforgood.org\/fr\/#organization","name":"Cyber for Good","url":"https:\/\/cyberforgood.org\/fr\/","logo":{"@type":"ImageObject","inLanguage":"fr-FR","@id":"https:\/\/cyberforgood.org\/fr\/#\/schema\/logo\/image\/","url":"https:\/\/cyberforgood.org\/wp-content\/uploads\/2025\/09\/Logo-CFG.svg","contentUrl":"https:\/\/cyberforgood.org\/wp-content\/uploads\/2025\/09\/Logo-CFG.svg","caption":"Cyber for Good"},"image":{"@id":"https:\/\/cyberforgood.org\/fr\/#\/schema\/logo\/image\/"}},{"@type":"Person","@id":"https:\/\/cyberforgood.org\/fr\/#\/schema\/person\/7c594c7c2a58e8f7bb3d6ff0451fa01e","name":"giulio.zucchini@advens.fr","image":{"@type":"ImageObject","inLanguage":"fr-FR","@id":"https:\/\/secure.gravatar.com\/avatar\/f030c14e0c58bff1f6c43f811c4167b60a3dee41bb698c31eb16139c20ffc9bd?s=96&d=mm&r=g","url":"https:\/\/secure.gravatar.com\/avatar\/f030c14e0c58bff1f6c43f811c4167b60a3dee41bb698c31eb16139c20ffc9bd?s=96&d=mm&r=g","contentUrl":"https:\/\/secure.gravatar.com\/avatar\/f030c14e0c58bff1f6c43f811c4167b60a3dee41bb698c31eb16139c20ffc9bd?s=96&d=mm&r=g","caption":"giulio.zucchini@advens.fr"},"url":"https:\/\/cyberforgood.org\/fr\/author\/giulio-zucchiniadvens-fr\/"}]}},"_links":{"self":[{"href":"https:\/\/cyberforgood.org\/fr\/wp-json\/wp\/v2\/posts\/1277","targetHints":{"allow":["GET"]}}],"collection":[{"href":"https:\/\/cyberforgood.org\/fr\/wp-json\/wp\/v2\/posts"}],"about":[{"href":"https:\/\/cyberforgood.org\/fr\/wp-json\/wp\/v2\/types\/post"}],"author":[{"embeddable":true,"href":"https:\/\/cyberforgood.org\/fr\/wp-json\/wp\/v2\/users\/2"}],"replies":[{"embeddable":true,"href":"https:\/\/cyberforgood.org\/fr\/wp-json\/wp\/v2\/comments?post=1277"}],"version-history":[{"count":2,"href":"https:\/\/cyberforgood.org\/fr\/wp-json\/wp\/v2\/posts\/1277\/revisions"}],"predecessor-version":[{"id":1280,"href":"https:\/\/cyberforgood.org\/fr\/wp-json\/wp\/v2\/posts\/1277\/revisions\/1280"}],"wp:featuredmedia":[{"embeddable":true,"href":"https:\/\/cyberforgood.org\/fr\/wp-json\/wp\/v2\/media\/1278"}],"wp:attachment":[{"href":"https:\/\/cyberforgood.org\/fr\/wp-json\/wp\/v2\/media?parent=1277"}],"wp:term":[{"taxonomy":"category","embeddable":true,"href":"https:\/\/cyberforgood.org\/fr\/wp-json\/wp\/v2\/categories?post=1277"},{"taxonomy":"post_tag","embeddable":true,"href":"https:\/\/cyberforgood.org\/fr\/wp-json\/wp\/v2\/tags?post=1277"}],"curies":[{"name":"wp","href":"https:\/\/api.w.org\/{rel}","templated":true}]}}